{"id":6552,"date":"2022-01-21T08:55:36","date_gmt":"2022-01-21T07:55:36","guid":{"rendered":"https:\/\/enviplus.fr\/?p=6552"},"modified":"2022-01-21T09:38:31","modified_gmt":"2022-01-21T08:38:31","slug":"inauguration-de-la-microplateforme","status":"publish","type":"post","link":"https:\/\/enviplus.fr\/index.php\/2022\/01\/21\/inauguration-de-la-microplateforme\/","title":{"rendered":"Inauguration de la microplateforme !"},"content":{"rendered":"\t\t<div data-elementor-type=\"wp-post\" data-elementor-id=\"6552\" class=\"elementor elementor-6552\" data-elementor-post-type=\"post\">\n\t\t\t\t\t\t<section class=\"elementor-section elementor-top-section elementor-element elementor-element-6b33ca6 elementor-section-boxed elementor-section-height-default elementor-section-height-default\" data-id=\"6b33ca6\" data-element_type=\"section\" data-e-type=\"section\">\n\t\t\t\t\t\t<div class=\"elementor-container elementor-column-gap-default\">\n\t\t\t\t\t<div class=\"elementor-column elementor-col-100 elementor-top-column elementor-element elementor-element-2521ccd\" data-id=\"2521ccd\" data-element_type=\"column\" data-e-type=\"column\">\n\t\t\t<div class=\"elementor-widget-wrap elementor-element-populated\">\n\t\t\t\t\t\t<div class=\"elementor-element elementor-element-4728027 elementor-widget elementor-widget-heading\" data-id=\"4728027\" data-element_type=\"widget\" data-e-type=\"widget\" data-widget_type=\"heading.default\">\n\t\t\t\t<div class=\"elementor-widget-container\">\n\t\t\t\t\t<h2 class=\"elementor-heading-title elementor-size-default\">Lancement officiel de notre service :<\/h2>\t\t\t\t<\/div>\n\t\t\t\t<\/div>\n\t\t\t\t<div class=\"elementor-element elementor-element-d5fe393 elementor-widget elementor-widget-text-editor\" data-id=\"d5fe393\" data-element_type=\"widget\" data-e-type=\"widget\" data-widget_type=\"text-editor.default\">\n\t\t\t\t<div class=\"elementor-widget-container\">\n\t\t\t\t\t\t\t\t\t<p><strong>Le lundi 17 Janvier, s&rsquo;est tenu le lancement officiel de notre microplateforme :\u00a0<\/strong><\/p><p>Sed ut perspiciatis unde omnis iste natus error sit voluptatem accusantium doloremque laudantium, totam rem aperiam, eaque ipsa quae ab illo inventore veritatis et quasi architecto beatae vitae dicta sunt explicabo. Nemo enim ipsam voluptatem quia voluptas sit aspernatur aut odit aut fugit, sed quia consequuntur magni dolores eos qui ratione voluptatem sequi nesciunt. Neque porro quisquam est, qui dolorem ipsum quia dolor sit amet, consectetur, adipisci velit, sed quia non numquam eius modi tempora incidunt ut labore et dolore magnam aliquam quaerat voluptatem. Ut enim ad minima veniam, quis nostrum exercitationem ullam corporis suscipit laboriosam, nisi ut aliquid ex ea commodi consequatur? Quis autem vel eum iure reprehenderit qui in ea voluptate velit esse quam nihil molestiae consequatur, vel illum qui dolorem eum fugiat quo voluptas nulla pariatur?<\/p>\t\t\t\t\t\t\t\t<\/div>\n\t\t\t\t<\/div>\n\t\t\t\t\t<\/div>\n\t\t<\/div>\n\t\t\t\t\t<\/div>\n\t\t<\/section>\n\t\t\t\t<section class=\"elementor-section elementor-top-section elementor-element elementor-element-0fdbfff elementor-section-boxed elementor-section-height-default elementor-section-height-default\" data-id=\"0fdbfff\" data-element_type=\"section\" data-e-type=\"section\">\n\t\t\t\t\t\t<div class=\"elementor-container elementor-column-gap-default\">\n\t\t\t\t\t<div class=\"elementor-column elementor-col-50 elementor-top-column elementor-element elementor-element-b4b088d\" data-id=\"b4b088d\" data-element_type=\"column\" data-e-type=\"column\">\n\t\t\t<div class=\"elementor-widget-wrap elementor-element-populated\">\n\t\t\t\t\t\t<div class=\"elementor-element elementor-element-c22f3b9 elementor-widget elementor-widget-heading\" data-id=\"c22f3b9\" data-element_type=\"widget\" data-e-type=\"widget\" data-widget_type=\"heading.default\">\n\t\t\t\t<div class=\"elementor-widget-container\">\n\t\t\t\t\t<h2 class=\"elementor-heading-title elementor-size-default\">Principes : <\/h2>\t\t\t\t<\/div>\n\t\t\t\t<\/div>\n\t\t\t\t<div class=\"elementor-element elementor-element-4d52179 elementor-widget elementor-widget-text-editor\" data-id=\"4d52179\" data-element_type=\"widget\" data-e-type=\"widget\" data-widget_type=\"text-editor.default\">\n\t\t\t\t<div class=\"elementor-widget-container\">\n\t\t\t\t\t\t\t\t\t<p>Sed ut perspiciatis unde omnis iste natus error sit voluptatem accusantium doloremque laudantium, totam rem aperiam, eaque ipsa quae ab illo inventore veritatis et quasi architecto beatae vitae dicta sunt explicabo. Nemo enim ipsam voluptatem quia voluptas sit aspernatur aut odit aut fugit, sed quia consequuntur magni dolores eos qui ratione voluptatem sequi nesciunt. Neque porro quisquam est, qui dolorem ipsum quia dolor sit amet, consectetur,<\/p>\t\t\t\t\t\t\t\t<\/div>\n\t\t\t\t<\/div>\n\t\t\t\t\t<\/div>\n\t\t<\/div>\n\t\t\t\t<div class=\"elementor-column elementor-col-50 elementor-top-column elementor-element elementor-element-beb8040\" data-id=\"beb8040\" data-element_type=\"column\" data-e-type=\"column\">\n\t\t\t<div class=\"elementor-widget-wrap elementor-element-populated\">\n\t\t\t\t\t\t<div class=\"elementor-element elementor-element-1c1e9db elementor-widget elementor-widget-heading\" data-id=\"1c1e9db\" data-element_type=\"widget\" data-e-type=\"widget\" data-widget_type=\"heading.default\">\n\t\t\t\t<div class=\"elementor-widget-container\">\n\t\t\t\t\t<h2 class=\"elementor-heading-title elementor-size-default\">Fonctionnement : <\/h2>\t\t\t\t<\/div>\n\t\t\t\t<\/div>\n\t\t\t\t<div class=\"elementor-element elementor-element-a586b29 elementor-widget elementor-widget-text-editor\" data-id=\"a586b29\" data-element_type=\"widget\" data-e-type=\"widget\" data-widget_type=\"text-editor.default\">\n\t\t\t\t<div class=\"elementor-widget-container\">\n\t\t\t\t\t\t\t\t\t<p>Sed ut perspiciatis unde omnis iste natus error sit voluptatem accusantium doloremque laudantium, totam rem aperiam, eaque ipsa quae ab illo inventore veritatis et quasi architecto beatae vitae dicta sunt explicabo. Nemo enim ipsam voluptatem quia voluptas sit aspernatur aut odit aut fugit, sed quia consequuntur magni dolores eos qui ratione voluptatem sequi nesciunt. Neque porro quisquam est, qui dolorem ipsum quia dolor sit amet, consectetur,<\/p>\t\t\t\t\t\t\t\t<\/div>\n\t\t\t\t<\/div>\n\t\t\t\t\t<\/div>\n\t\t<\/div>\n\t\t\t\t\t<\/div>\n\t\t<\/section>\n\t\t\t\t<section class=\"elementor-section elementor-top-section elementor-element elementor-element-9450026 elementor-section-boxed elementor-section-height-default elementor-section-height-default\" data-id=\"9450026\" data-element_type=\"section\" data-e-type=\"section\">\n\t\t\t\t\t\t<div class=\"elementor-container elementor-column-gap-default\">\n\t\t\t\t\t<div class=\"elementor-column elementor-col-50 elementor-top-column elementor-element elementor-element-3fcfed5\" data-id=\"3fcfed5\" data-element_type=\"column\" data-e-type=\"column\">\n\t\t\t<div class=\"elementor-widget-wrap elementor-element-populated\">\n\t\t\t\t\t\t<div class=\"elementor-element elementor-element-5ab9c0e elementor-align-center elementor-widget elementor-widget-button\" data-id=\"5ab9c0e\" data-element_type=\"widget\" data-e-type=\"widget\" data-widget_type=\"button.default\">\n\t\t\t\t<div class=\"elementor-widget-container\">\n\t\t\t\t\t\t\t\t\t<div class=\"elementor-button-wrapper\">\n\t\t\t\t\t<a class=\"elementor-button elementor-button-link elementor-size-sm\" href=\"#\">\n\t\t\t\t\t\t<span class=\"elementor-button-content-wrapper\">\n\t\t\t\t\t\t\t\t\t<span class=\"elementor-button-text\">En savoir plus<\/span>\n\t\t\t\t\t<\/span>\n\t\t\t\t\t<\/a>\n\t\t\t\t<\/div>\n\t\t\t\t\t\t\t\t<\/div>\n\t\t\t\t<\/div>\n\t\t\t\t\t<\/div>\n\t\t<\/div>\n\t\t\t\t<div class=\"elementor-column elementor-col-50 elementor-top-column elementor-element elementor-element-1438fd7\" data-id=\"1438fd7\" data-element_type=\"column\" data-e-type=\"column\">\n\t\t\t<div class=\"elementor-widget-wrap elementor-element-populated\">\n\t\t\t\t\t\t<div class=\"elementor-element elementor-element-04aa929 elementor-align-center elementor-widget elementor-widget-button\" data-id=\"04aa929\" data-element_type=\"widget\" data-e-type=\"widget\" data-widget_type=\"button.default\">\n\t\t\t\t<div class=\"elementor-widget-container\">\n\t\t\t\t\t\t\t\t\t<div class=\"elementor-button-wrapper\">\n\t\t\t\t\t<a class=\"elementor-button elementor-button-link elementor-size-sm\" href=\"#\">\n\t\t\t\t\t\t<span class=\"elementor-button-content-wrapper\">\n\t\t\t\t\t\t\t\t\t<span class=\"elementor-button-text\">Je souhaite revaloriser mes d\u00e9chets<\/span>\n\t\t\t\t\t<\/span>\n\t\t\t\t\t<\/a>\n\t\t\t\t<\/div>\n\t\t\t\t\t\t\t\t<\/div>\n\t\t\t\t<\/div>\n\t\t\t\t\t<\/div>\n\t\t<\/div>\n\t\t\t\t\t<\/div>\n\t\t<\/section>\n\t\t\t\t<\/div>\n\t\t","protected":false},"excerpt":{"rendered":"<p>Lancement officiel de notre service : Le lundi 17 Janvier, s&rsquo;est tenu le lancement officiel de notre microplateforme :&nbsp; Sed ut perspiciatis unde omnis iste natus error sit voluptatem accusantium doloremque laudantium, totam rem aperiam, eaque ipsa quae ab illo inventore veritatis et quasi architecto beatae vitae dicta sunt explicabo. Nemo enim ipsam voluptatem quia&hellip;<\/p>\n","protected":false},"author":2,"featured_media":6557,"comment_status":"closed","ping_status":"closed","sticky":false,"template":"","format":"standard","meta":{"footnotes":""},"categories":[1],"tags":[],"class_list":["post-6552","post","type-post","status-publish","format-standard","has-post-thumbnail","hentry","category-non-classe"],"yoast_head":"<!-- This site is optimized with the Yoast SEO plugin v27.5 - https:\/\/yoast.com\/product\/yoast-seo-wordpress\/ -->\n<title>Inauguration de la microplateforme ! - Enviplus<\/title>\n<meta name=\"robots\" content=\"index, follow, max-snippet:-1, max-image-preview:large, max-video-preview:-1\" \/>\n<link rel=\"canonical\" href=\"https:\/\/enviplus.fr\/index.php\/2022\/01\/21\/inauguration-de-la-microplateforme\/\" \/>\n<meta property=\"og:locale\" content=\"fr_FR\" \/>\n<meta property=\"og:type\" content=\"article\" \/>\n<meta property=\"og:title\" content=\"Inauguration de la microplateforme ! - Enviplus\" \/>\n<meta property=\"og:description\" content=\"Lancement officiel de notre service : Le lundi 17 Janvier, s&rsquo;est tenu le lancement officiel de notre microplateforme :&nbsp; Sed ut perspiciatis unde omnis iste natus error sit voluptatem accusantium doloremque laudantium, totam rem aperiam, eaque ipsa quae ab illo inventore veritatis et quasi architecto beatae vitae dicta sunt explicabo. Nemo enim ipsam voluptatem quia&hellip;\" \/>\n<meta property=\"og:url\" content=\"https:\/\/enviplus.fr\/index.php\/2022\/01\/21\/inauguration-de-la-microplateforme\/\" \/>\n<meta property=\"og:site_name\" content=\"Enviplus\" \/>\n<meta property=\"article:publisher\" content=\"https:\/\/www.facebook.com\/enviplus47\" \/>\n<meta property=\"article:published_time\" content=\"2022-01-21T07:55:36+00:00\" \/>\n<meta property=\"article:modified_time\" content=\"2022-01-21T08:38:31+00:00\" \/>\n<meta property=\"og:image\" content=\"https:\/\/enviplus.fr\/wp-content\/uploads\/2022\/01\/invitation-inauguration-microplateforme_WEB.png\" \/>\n\t<meta property=\"og:image:width\" content=\"1000\" \/>\n\t<meta property=\"og:image:height\" content=\"667\" \/>\n\t<meta property=\"og:image:type\" content=\"image\/png\" \/>\n<meta name=\"author\" content=\"elieconseiletcom\" \/>\n<meta name=\"twitter:card\" content=\"summary_large_image\" \/>\n<meta name=\"twitter:label1\" content=\"\u00c9crit par\" \/>\n\t<meta name=\"twitter:data1\" content=\"elieconseiletcom\" \/>\n\t<meta name=\"twitter:label2\" content=\"Dur\u00e9e de lecture estim\u00e9e\" \/>\n\t<meta name=\"twitter:data2\" content=\"1 minute\" \/>\n<script type=\"application\/ld+json\" class=\"yoast-schema-graph\">{\"@context\":\"https:\\\/\\\/schema.org\",\"@graph\":[{\"@type\":\"Article\",\"@id\":\"https:\\\/\\\/enviplus.fr\\\/index.php\\\/2022\\\/01\\\/21\\\/inauguration-de-la-microplateforme\\\/#article\",\"isPartOf\":{\"@id\":\"https:\\\/\\\/enviplus.fr\\\/index.php\\\/2022\\\/01\\\/21\\\/inauguration-de-la-microplateforme\\\/\"},\"author\":{\"name\":\"elieconseiletcom\",\"@id\":\"https:\\\/\\\/enviplus.fr\\\/#\\\/schema\\\/person\\\/f48cd7bea3ed9fbbdc362781c325c1bd\"},\"headline\":\"Inauguration de la microplateforme !\",\"datePublished\":\"2022-01-21T07:55:36+00:00\",\"dateModified\":\"2022-01-21T08:38:31+00:00\",\"mainEntityOfPage\":{\"@id\":\"https:\\\/\\\/enviplus.fr\\\/index.php\\\/2022\\\/01\\\/21\\\/inauguration-de-la-microplateforme\\\/\"},\"wordCount\":293,\"publisher\":{\"@id\":\"https:\\\/\\\/enviplus.fr\\\/#organization\"},\"image\":{\"@id\":\"https:\\\/\\\/enviplus.fr\\\/index.php\\\/2022\\\/01\\\/21\\\/inauguration-de-la-microplateforme\\\/#primaryimage\"},\"thumbnailUrl\":\"https:\\\/\\\/enviplus.fr\\\/wp-content\\\/uploads\\\/2022\\\/01\\\/invitation-inauguration-microplateforme_WEB.png\",\"inLanguage\":\"fr-FR\"},{\"@type\":\"WebPage\",\"@id\":\"https:\\\/\\\/enviplus.fr\\\/index.php\\\/2022\\\/01\\\/21\\\/inauguration-de-la-microplateforme\\\/\",\"url\":\"https:\\\/\\\/enviplus.fr\\\/index.php\\\/2022\\\/01\\\/21\\\/inauguration-de-la-microplateforme\\\/\",\"name\":\"Inauguration de la microplateforme ! - Enviplus\",\"isPartOf\":{\"@id\":\"https:\\\/\\\/enviplus.fr\\\/#website\"},\"primaryImageOfPage\":{\"@id\":\"https:\\\/\\\/enviplus.fr\\\/index.php\\\/2022\\\/01\\\/21\\\/inauguration-de-la-microplateforme\\\/#primaryimage\"},\"image\":{\"@id\":\"https:\\\/\\\/enviplus.fr\\\/index.php\\\/2022\\\/01\\\/21\\\/inauguration-de-la-microplateforme\\\/#primaryimage\"},\"thumbnailUrl\":\"https:\\\/\\\/enviplus.fr\\\/wp-content\\\/uploads\\\/2022\\\/01\\\/invitation-inauguration-microplateforme_WEB.png\",\"datePublished\":\"2022-01-21T07:55:36+00:00\",\"dateModified\":\"2022-01-21T08:38:31+00:00\",\"breadcrumb\":{\"@id\":\"https:\\\/\\\/enviplus.fr\\\/index.php\\\/2022\\\/01\\\/21\\\/inauguration-de-la-microplateforme\\\/#breadcrumb\"},\"inLanguage\":\"fr-FR\",\"potentialAction\":[{\"@type\":\"ReadAction\",\"target\":[\"https:\\\/\\\/enviplus.fr\\\/index.php\\\/2022\\\/01\\\/21\\\/inauguration-de-la-microplateforme\\\/\"]}]},{\"@type\":\"ImageObject\",\"inLanguage\":\"fr-FR\",\"@id\":\"https:\\\/\\\/enviplus.fr\\\/index.php\\\/2022\\\/01\\\/21\\\/inauguration-de-la-microplateforme\\\/#primaryimage\",\"url\":\"https:\\\/\\\/enviplus.fr\\\/wp-content\\\/uploads\\\/2022\\\/01\\\/invitation-inauguration-microplateforme_WEB.png\",\"contentUrl\":\"https:\\\/\\\/enviplus.fr\\\/wp-content\\\/uploads\\\/2022\\\/01\\\/invitation-inauguration-microplateforme_WEB.png\",\"width\":1000,\"height\":667},{\"@type\":\"BreadcrumbList\",\"@id\":\"https:\\\/\\\/enviplus.fr\\\/index.php\\\/2022\\\/01\\\/21\\\/inauguration-de-la-microplateforme\\\/#breadcrumb\",\"itemListElement\":[{\"@type\":\"ListItem\",\"position\":1,\"name\":\"Home\",\"item\":\"https:\\\/\\\/enviplus.fr\\\/\"},{\"@type\":\"ListItem\",\"position\":2,\"name\":\"Inauguration de la microplateforme !\"}]},{\"@type\":\"WebSite\",\"@id\":\"https:\\\/\\\/enviplus.fr\\\/#website\",\"url\":\"https:\\\/\\\/enviplus.fr\\\/\",\"name\":\"Enviplus\",\"description\":\"Tremplin humain\",\"publisher\":{\"@id\":\"https:\\\/\\\/enviplus.fr\\\/#organization\"},\"potentialAction\":[{\"@type\":\"SearchAction\",\"target\":{\"@type\":\"EntryPoint\",\"urlTemplate\":\"https:\\\/\\\/enviplus.fr\\\/?s={search_term_string}\"},\"query-input\":{\"@type\":\"PropertyValueSpecification\",\"valueRequired\":true,\"valueName\":\"search_term_string\"}}],\"inLanguage\":\"fr-FR\"},{\"@type\":\"Organization\",\"@id\":\"https:\\\/\\\/enviplus.fr\\\/#organization\",\"name\":\"Enviplus\",\"url\":\"https:\\\/\\\/enviplus.fr\\\/\",\"logo\":{\"@type\":\"ImageObject\",\"inLanguage\":\"fr-FR\",\"@id\":\"https:\\\/\\\/enviplus.fr\\\/#\\\/schema\\\/logo\\\/image\\\/\",\"url\":\"https:\\\/\\\/enviplus.fr\\\/wp-content\\\/uploads\\\/2021\\\/11\\\/enviplus32x32HD.png\",\"contentUrl\":\"https:\\\/\\\/enviplus.fr\\\/wp-content\\\/uploads\\\/2021\\\/11\\\/enviplus32x32HD.png\",\"width\":130,\"height\":99,\"caption\":\"Enviplus\"},\"image\":{\"@id\":\"https:\\\/\\\/enviplus.fr\\\/#\\\/schema\\\/logo\\\/image\\\/\"},\"sameAs\":[\"https:\\\/\\\/www.facebook.com\\\/enviplus47\"]},{\"@type\":\"Person\",\"@id\":\"https:\\\/\\\/enviplus.fr\\\/#\\\/schema\\\/person\\\/f48cd7bea3ed9fbbdc362781c325c1bd\",\"name\":\"elieconseiletcom\",\"image\":{\"@type\":\"ImageObject\",\"inLanguage\":\"fr-FR\",\"@id\":\"https:\\\/\\\/secure.gravatar.com\\\/avatar\\\/ef2fd0f377dcc868c691d32f4b8c9f7e05007e0d42af427435bd86e0b020b5e2?s=96&d=mm&r=g\",\"url\":\"https:\\\/\\\/secure.gravatar.com\\\/avatar\\\/ef2fd0f377dcc868c691d32f4b8c9f7e05007e0d42af427435bd86e0b020b5e2?s=96&d=mm&r=g\",\"contentUrl\":\"https:\\\/\\\/secure.gravatar.com\\\/avatar\\\/ef2fd0f377dcc868c691d32f4b8c9f7e05007e0d42af427435bd86e0b020b5e2?s=96&d=mm&r=g\",\"caption\":\"elieconseiletcom\"},\"url\":\"https:\\\/\\\/enviplus.fr\\\/index.php\\\/author\\\/elieconseiletcom\\\/\"}]}<\/script>\n<!-- \/ Yoast SEO plugin. -->","yoast_head_json":{"title":"Inauguration de la microplateforme ! - Enviplus","robots":{"index":"index","follow":"follow","max-snippet":"max-snippet:-1","max-image-preview":"max-image-preview:large","max-video-preview":"max-video-preview:-1"},"canonical":"https:\/\/enviplus.fr\/index.php\/2022\/01\/21\/inauguration-de-la-microplateforme\/","og_locale":"fr_FR","og_type":"article","og_title":"Inauguration de la microplateforme ! - Enviplus","og_description":"Lancement officiel de notre service : Le lundi 17 Janvier, s&rsquo;est tenu le lancement officiel de notre microplateforme :&nbsp; Sed ut perspiciatis unde omnis iste natus error sit voluptatem accusantium doloremque laudantium, totam rem aperiam, eaque ipsa quae ab illo inventore veritatis et quasi architecto beatae vitae dicta sunt explicabo. Nemo enim ipsam voluptatem quia&hellip;","og_url":"https:\/\/enviplus.fr\/index.php\/2022\/01\/21\/inauguration-de-la-microplateforme\/","og_site_name":"Enviplus","article_publisher":"https:\/\/www.facebook.com\/enviplus47","article_published_time":"2022-01-21T07:55:36+00:00","article_modified_time":"2022-01-21T08:38:31+00:00","og_image":[{"width":1000,"height":667,"url":"https:\/\/enviplus.fr\/wp-content\/uploads\/2022\/01\/invitation-inauguration-microplateforme_WEB.png","type":"image\/png"}],"author":"elieconseiletcom","twitter_card":"summary_large_image","twitter_misc":{"\u00c9crit par":"elieconseiletcom","Dur\u00e9e de lecture estim\u00e9e":"1 minute"},"schema":{"@context":"https:\/\/schema.org","@graph":[{"@type":"Article","@id":"https:\/\/enviplus.fr\/index.php\/2022\/01\/21\/inauguration-de-la-microplateforme\/#article","isPartOf":{"@id":"https:\/\/enviplus.fr\/index.php\/2022\/01\/21\/inauguration-de-la-microplateforme\/"},"author":{"name":"elieconseiletcom","@id":"https:\/\/enviplus.fr\/#\/schema\/person\/f48cd7bea3ed9fbbdc362781c325c1bd"},"headline":"Inauguration de la microplateforme !","datePublished":"2022-01-21T07:55:36+00:00","dateModified":"2022-01-21T08:38:31+00:00","mainEntityOfPage":{"@id":"https:\/\/enviplus.fr\/index.php\/2022\/01\/21\/inauguration-de-la-microplateforme\/"},"wordCount":293,"publisher":{"@id":"https:\/\/enviplus.fr\/#organization"},"image":{"@id":"https:\/\/enviplus.fr\/index.php\/2022\/01\/21\/inauguration-de-la-microplateforme\/#primaryimage"},"thumbnailUrl":"https:\/\/enviplus.fr\/wp-content\/uploads\/2022\/01\/invitation-inauguration-microplateforme_WEB.png","inLanguage":"fr-FR"},{"@type":"WebPage","@id":"https:\/\/enviplus.fr\/index.php\/2022\/01\/21\/inauguration-de-la-microplateforme\/","url":"https:\/\/enviplus.fr\/index.php\/2022\/01\/21\/inauguration-de-la-microplateforme\/","name":"Inauguration de la microplateforme ! - Enviplus","isPartOf":{"@id":"https:\/\/enviplus.fr\/#website"},"primaryImageOfPage":{"@id":"https:\/\/enviplus.fr\/index.php\/2022\/01\/21\/inauguration-de-la-microplateforme\/#primaryimage"},"image":{"@id":"https:\/\/enviplus.fr\/index.php\/2022\/01\/21\/inauguration-de-la-microplateforme\/#primaryimage"},"thumbnailUrl":"https:\/\/enviplus.fr\/wp-content\/uploads\/2022\/01\/invitation-inauguration-microplateforme_WEB.png","datePublished":"2022-01-21T07:55:36+00:00","dateModified":"2022-01-21T08:38:31+00:00","breadcrumb":{"@id":"https:\/\/enviplus.fr\/index.php\/2022\/01\/21\/inauguration-de-la-microplateforme\/#breadcrumb"},"inLanguage":"fr-FR","potentialAction":[{"@type":"ReadAction","target":["https:\/\/enviplus.fr\/index.php\/2022\/01\/21\/inauguration-de-la-microplateforme\/"]}]},{"@type":"ImageObject","inLanguage":"fr-FR","@id":"https:\/\/enviplus.fr\/index.php\/2022\/01\/21\/inauguration-de-la-microplateforme\/#primaryimage","url":"https:\/\/enviplus.fr\/wp-content\/uploads\/2022\/01\/invitation-inauguration-microplateforme_WEB.png","contentUrl":"https:\/\/enviplus.fr\/wp-content\/uploads\/2022\/01\/invitation-inauguration-microplateforme_WEB.png","width":1000,"height":667},{"@type":"BreadcrumbList","@id":"https:\/\/enviplus.fr\/index.php\/2022\/01\/21\/inauguration-de-la-microplateforme\/#breadcrumb","itemListElement":[{"@type":"ListItem","position":1,"name":"Home","item":"https:\/\/enviplus.fr\/"},{"@type":"ListItem","position":2,"name":"Inauguration de la microplateforme !"}]},{"@type":"WebSite","@id":"https:\/\/enviplus.fr\/#website","url":"https:\/\/enviplus.fr\/","name":"Enviplus","description":"Tremplin humain","publisher":{"@id":"https:\/\/enviplus.fr\/#organization"},"potentialAction":[{"@type":"SearchAction","target":{"@type":"EntryPoint","urlTemplate":"https:\/\/enviplus.fr\/?s={search_term_string}"},"query-input":{"@type":"PropertyValueSpecification","valueRequired":true,"valueName":"search_term_string"}}],"inLanguage":"fr-FR"},{"@type":"Organization","@id":"https:\/\/enviplus.fr\/#organization","name":"Enviplus","url":"https:\/\/enviplus.fr\/","logo":{"@type":"ImageObject","inLanguage":"fr-FR","@id":"https:\/\/enviplus.fr\/#\/schema\/logo\/image\/","url":"https:\/\/enviplus.fr\/wp-content\/uploads\/2021\/11\/enviplus32x32HD.png","contentUrl":"https:\/\/enviplus.fr\/wp-content\/uploads\/2021\/11\/enviplus32x32HD.png","width":130,"height":99,"caption":"Enviplus"},"image":{"@id":"https:\/\/enviplus.fr\/#\/schema\/logo\/image\/"},"sameAs":["https:\/\/www.facebook.com\/enviplus47"]},{"@type":"Person","@id":"https:\/\/enviplus.fr\/#\/schema\/person\/f48cd7bea3ed9fbbdc362781c325c1bd","name":"elieconseiletcom","image":{"@type":"ImageObject","inLanguage":"fr-FR","@id":"https:\/\/secure.gravatar.com\/avatar\/ef2fd0f377dcc868c691d32f4b8c9f7e05007e0d42af427435bd86e0b020b5e2?s=96&d=mm&r=g","url":"https:\/\/secure.gravatar.com\/avatar\/ef2fd0f377dcc868c691d32f4b8c9f7e05007e0d42af427435bd86e0b020b5e2?s=96&d=mm&r=g","contentUrl":"https:\/\/secure.gravatar.com\/avatar\/ef2fd0f377dcc868c691d32f4b8c9f7e05007e0d42af427435bd86e0b020b5e2?s=96&d=mm&r=g","caption":"elieconseiletcom"},"url":"https:\/\/enviplus.fr\/index.php\/author\/elieconseiletcom\/"}]}},"_links":{"self":[{"href":"https:\/\/enviplus.fr\/index.php\/wp-json\/wp\/v2\/posts\/6552","targetHints":{"allow":["GET"]}}],"collection":[{"href":"https:\/\/enviplus.fr\/index.php\/wp-json\/wp\/v2\/posts"}],"about":[{"href":"https:\/\/enviplus.fr\/index.php\/wp-json\/wp\/v2\/types\/post"}],"author":[{"embeddable":true,"href":"https:\/\/enviplus.fr\/index.php\/wp-json\/wp\/v2\/users\/2"}],"replies":[{"embeddable":true,"href":"https:\/\/enviplus.fr\/index.php\/wp-json\/wp\/v2\/comments?post=6552"}],"version-history":[{"count":9,"href":"https:\/\/enviplus.fr\/index.php\/wp-json\/wp\/v2\/posts\/6552\/revisions"}],"predecessor-version":[{"id":6565,"href":"https:\/\/enviplus.fr\/index.php\/wp-json\/wp\/v2\/posts\/6552\/revisions\/6565"}],"wp:featuredmedia":[{"embeddable":true,"href":"https:\/\/enviplus.fr\/index.php\/wp-json\/wp\/v2\/media\/6557"}],"wp:attachment":[{"href":"https:\/\/enviplus.fr\/index.php\/wp-json\/wp\/v2\/media?parent=6552"}],"wp:term":[{"taxonomy":"category","embeddable":true,"href":"https:\/\/enviplus.fr\/index.php\/wp-json\/wp\/v2\/categories?post=6552"},{"taxonomy":"post_tag","embeddable":true,"href":"https:\/\/enviplus.fr\/index.php\/wp-json\/wp\/v2\/tags?post=6552"}],"curies":[{"name":"wp","href":"https:\/\/api.w.org\/{rel}","templated":true}]}}