{"id":7006,"date":"2023-03-24T17:13:51","date_gmt":"2023-03-24T16:13:51","guid":{"rendered":"https:\/\/enviplus.fr\/?p=7006"},"modified":"2023-06-29T19:12:12","modified_gmt":"2023-06-29T17:12:12","slug":"pole-espaces-vert-enviplus","status":"publish","type":"post","link":"https:\/\/enviplus.fr\/index.php\/2023\/03\/24\/pole-espaces-vert-enviplus\/","title":{"rendered":"Le p\u00f4le Espaces Vert d&rsquo;EnviPlus"},"content":{"rendered":"\t\t<div data-elementor-type=\"wp-post\" data-elementor-id=\"7006\" class=\"elementor elementor-7006\" data-elementor-post-type=\"post\">\n\t\t\t\t\t\t<section class=\"elementor-section elementor-top-section elementor-element elementor-element-54abbef elementor-section-boxed elementor-section-height-default elementor-section-height-default\" data-id=\"54abbef\" data-element_type=\"section\" data-e-type=\"section\">\n\t\t\t\t\t\t<div class=\"elementor-container elementor-column-gap-default\">\n\t\t\t\t\t<div class=\"elementor-column elementor-col-100 elementor-top-column elementor-element elementor-element-5b4183c7\" data-id=\"5b4183c7\" data-element_type=\"column\" data-e-type=\"column\">\n\t\t\t<div class=\"elementor-widget-wrap elementor-element-populated\">\n\t\t\t\t\t\t<div class=\"elementor-element elementor-element-0e9ca59 elementor-widget elementor-widget-spacer\" data-id=\"0e9ca59\" data-element_type=\"widget\" data-e-type=\"widget\" data-widget_type=\"spacer.default\">\n\t\t\t\t<div class=\"elementor-widget-container\">\n\t\t\t\t\t\t\t<div class=\"elementor-spacer\">\n\t\t\t<div class=\"elementor-spacer-inner\"><\/div>\n\t\t<\/div>\n\t\t\t\t\t\t<\/div>\n\t\t\t\t<\/div>\n\t\t\t\t<div class=\"elementor-element elementor-element-aa4fb79 elementor-widget elementor-widget-heading\" data-id=\"aa4fb79\" data-element_type=\"widget\" data-e-type=\"widget\" data-widget_type=\"heading.default\">\n\t\t\t\t<div class=\"elementor-widget-container\">\n\t\t\t\t\t<h2 class=\"elementor-heading-title elementor-size-default\">EnviPlus prend soin de nos espaces verts gr\u00e2ce \u00e0 <br>son p\u00f4le d\u00e9di\u00e9<\/h2>\t\t\t\t<\/div>\n\t\t\t\t<\/div>\n\t\t\t\t<div class=\"elementor-element elementor-element-dcaad46 elementor-widget elementor-widget-spacer\" data-id=\"dcaad46\" data-element_type=\"widget\" data-e-type=\"widget\" data-widget_type=\"spacer.default\">\n\t\t\t\t<div class=\"elementor-widget-container\">\n\t\t\t\t\t\t\t<div class=\"elementor-spacer\">\n\t\t\t<div class=\"elementor-spacer-inner\"><\/div>\n\t\t<\/div>\n\t\t\t\t\t\t<\/div>\n\t\t\t\t<\/div>\n\t\t\t\t<div class=\"elementor-element elementor-element-cbc2b6a elementor-widget elementor-widget-text-editor\" data-id=\"cbc2b6a\" data-element_type=\"widget\" data-e-type=\"widget\" data-widget_type=\"text-editor.default\">\n\t\t\t\t<div class=\"elementor-widget-container\">\n\t\t\t\t\t\t\t\t\t<p>Environnement + <strong>accompagne et aide<\/strong> les personnes excluent du march\u00e9 de l\u2019emploi \u00e0 se r\u00e9ins\u00e9rer dans le monde du travail. Notre association embauche sous\u00a0<a href=\"https:\/\/www.demarches.interieur.gouv.fr\/particuliers\/qu-est-ce-qu-un-cdd-insertion-cddi\" target=\"_blank\" rel=\"noopener\">contrat CDDI (Contrat \u00e0 Dur\u00e9e D\u00e9termin\u00e9e d\u2019Insertion<\/a>, financ\u00e9 par l\u2019Etat et le D\u00e9partement) allant de 6 mois, renouvelable jusqu\u2019\u00e0 2 ans. Nos salari\u00e9s viennent de tout milieu, c\u2019est pourquoi nous nous chargeons de <strong>les former en interne<\/strong> \u00e0 leur futur poste.<\/p>\t\t\t\t\t\t\t\t<\/div>\n\t\t\t\t<\/div>\n\t\t\t\t<div class=\"elementor-element elementor-element-7abc848 elementor-widget elementor-widget-text-editor\" data-id=\"7abc848\" data-element_type=\"widget\" data-e-type=\"widget\" data-widget_type=\"text-editor.default\">\n\t\t\t\t<div class=\"elementor-widget-container\">\n\t\t\t\t\t\t\t\t\t<h4>D\u00e9couvrez aujourd&rsquo;hui les missions du p\u00f4le Espaces Verts<\/h4>\t\t\t\t\t\t\t\t<\/div>\n\t\t\t\t<\/div>\n\t\t\t\t<div class=\"elementor-element elementor-element-095f2e1 elementor-widget elementor-widget-spacer\" data-id=\"095f2e1\" data-element_type=\"widget\" data-e-type=\"widget\" data-widget_type=\"spacer.default\">\n\t\t\t\t<div class=\"elementor-widget-container\">\n\t\t\t\t\t\t\t<div class=\"elementor-spacer\">\n\t\t\t<div class=\"elementor-spacer-inner\"><\/div>\n\t\t<\/div>\n\t\t\t\t\t\t<\/div>\n\t\t\t\t<\/div>\n\t\t\t\t<div class=\"elementor-element elementor-element-2e892ed elementor-widget elementor-widget-text-editor\" data-id=\"2e892ed\" data-element_type=\"widget\" data-e-type=\"widget\" data-widget_type=\"text-editor.default\">\n\t\t\t\t<div class=\"elementor-widget-container\">\n\t\t\t\t\t\t\t\t\t<p>Le but premier de notre association reste <strong>l&rsquo;insertion de nos employ\u00e9s<\/strong>, <a href=\"https:\/\/enviplus.fr\/index.php\/entretien-espaces-verts-marmande\/\">le p\u00f4le espaces verts<\/a> a \u00e9galement pour objectif l<strong>a sensibilisation \u00e0 l\u2019environnement et \u00e0 sa protection<\/strong>.\u00a0<span style=\"color: var(--the7-base-color); letter-spacing: var(--the7-base-letter-spacing); text-transform: var(--the7-base-text-transform); word-spacing: normal;\">Christophe, charg\u00e9 de g\u00e9rer les missions concernant les espaces verts, nous en dit plus sur le p\u00f4le entretien des espaces verts et <strong>ses missions dans nos communes<\/strong>.<\/span><\/p>\t\t\t\t\t\t\t\t<\/div>\n\t\t\t\t<\/div>\n\t\t\t\t<div class=\"elementor-element elementor-element-1628ce1 elementor-widget-divider--view-line elementor-widget elementor-widget-divider\" data-id=\"1628ce1\" data-element_type=\"widget\" data-e-type=\"widget\" data-widget_type=\"divider.default\">\n\t\t\t\t<div class=\"elementor-widget-container\">\n\t\t\t\t\t\t\t<div class=\"elementor-divider\">\n\t\t\t<span class=\"elementor-divider-separator\">\n\t\t\t\t\t\t<\/span>\n\t\t<\/div>\n\t\t\t\t\t\t<\/div>\n\t\t\t\t<\/div>\n\t\t\t\t<section class=\"elementor-section elementor-inner-section elementor-element elementor-element-aac4b6c elementor-section-boxed elementor-section-height-default elementor-section-height-default\" data-id=\"aac4b6c\" data-element_type=\"section\" data-e-type=\"section\">\n\t\t\t\t\t\t<div class=\"elementor-container elementor-column-gap-default\">\n\t\t\t\t\t<div class=\"elementor-column elementor-col-50 elementor-inner-column elementor-element elementor-element-9b97a0d\" data-id=\"9b97a0d\" data-element_type=\"column\" data-e-type=\"column\">\n\t\t\t<div class=\"elementor-widget-wrap elementor-element-populated\">\n\t\t\t\t\t\t<div class=\"elementor-element elementor-element-b45fec9 elementor-widget elementor-widget-heading\" data-id=\"b45fec9\" data-element_type=\"widget\" data-e-type=\"widget\" data-widget_type=\"heading.default\">\n\t\t\t\t<div class=\"elementor-widget-container\">\n\t\t\t\t\t<h3 class=\"elementor-heading-title elementor-size-default\">Principe<\/h3>\t\t\t\t<\/div>\n\t\t\t\t<\/div>\n\t\t\t\t<div class=\"elementor-element elementor-element-02faafa elementor-widget elementor-widget-spacer\" data-id=\"02faafa\" data-element_type=\"widget\" data-e-type=\"widget\" data-widget_type=\"spacer.default\">\n\t\t\t\t<div class=\"elementor-widget-container\">\n\t\t\t\t\t\t\t<div class=\"elementor-spacer\">\n\t\t\t<div class=\"elementor-spacer-inner\"><\/div>\n\t\t<\/div>\n\t\t\t\t\t\t<\/div>\n\t\t\t\t<\/div>\n\t\t\t\t<div class=\"elementor-element elementor-element-9a80100 elementor-widget elementor-widget-text-editor\" data-id=\"9a80100\" data-element_type=\"widget\" data-e-type=\"widget\" data-widget_type=\"text-editor.default\">\n\t\t\t\t<div class=\"elementor-widget-container\">\n\t\t\t\t\t\t\t\t\t<div title=\"Page 1\"><div><div><p>Les \u00e9quipes d\u2019EnviPlus sont actives sur les communes de Marmande, Castelnau-sur-Gupie, Mauvezin-sur-Gupie, dans les quartiers de Meilhan-sur-Garonne, et plus encore.<\/p><\/div><\/div><\/div><div title=\"Page 1\"><div><div><p>Les missions que nous effectuons prennent diff\u00e9rentes formes :<\/p><\/div><\/div><\/div><ul><li><div title=\"Page 1\"><div><div><p>&#8211; Soit <strong>un contrat conclu sur le long terme<\/strong> (contrat de 3 ans sur la commune de Marmande ainsi que sur la communaut\u00e9 d\u2019Agglom\u00e9ration de Val de Garonne),<\/p><\/div><\/div><\/div><\/li><li><div title=\"Page 1\"><div><div><p>Soit <strong>un devis \u00e0 l\u2019ann\u00e9e<\/strong> comme \u00e0 Castelnau-sur-Gupie.<\/p><\/div><\/div><\/div><\/li><\/ul>\t\t\t\t\t\t\t\t<\/div>\n\t\t\t\t<\/div>\n\t\t\t\t<div class=\"elementor-element elementor-element-fe8ac8b elementor-widget elementor-widget-spacer\" data-id=\"fe8ac8b\" data-element_type=\"widget\" data-e-type=\"widget\" data-widget_type=\"spacer.default\">\n\t\t\t\t<div class=\"elementor-widget-container\">\n\t\t\t\t\t\t\t<div class=\"elementor-spacer\">\n\t\t\t<div class=\"elementor-spacer-inner\"><\/div>\n\t\t<\/div>\n\t\t\t\t\t\t<\/div>\n\t\t\t\t<\/div>\n\t\t\t\t<div class=\"elementor-element elementor-element-a9a2441 elementor-widget elementor-widget-text-editor\" data-id=\"a9a2441\" data-element_type=\"widget\" data-e-type=\"widget\" data-widget_type=\"text-editor.default\">\n\t\t\t\t<div class=\"elementor-widget-container\">\n\t\t\t\t\t\t\t\t\t<div class=\"page\" title=\"Page 1\"><div class=\"layoutArea\"><div class=\"column\"><p>Dans le cas de la convention que nous avons sign\u00e9 avec la ville de Marmande, les t\u00e2ches qui nous sont confi\u00e9es consistent principalement en de <strong>la tonte et du d\u00e9broussaillage <\/strong>sur diverses parcelles ainsi que du d\u00e9sherbage de rues. Des secteurs pr\u00e9cis nous sont \u00e9galement attribu\u00e9s, comme dans le cadre de notre contrat avec VGA nous entretenons les espaces verts de la p\u00e9pini\u00e8re, Aquaval, le P\u00f4le Jeunes, le quartier de La Gravette, le cimeti\u00e8re de Patras, etc.<\/p><p>D\u2019autres missions sont ponctuelles, c\u2019est-\u00e0-dire que les communes nous sollicitent quand le besoin se fait ressentir et selon les saisons. Comme c\u2019est le cas \u00e0 Fauguerolles pour l\u2019<strong>entretien des massifs<\/strong> ou \u00e0 Var\u00e8s pour le <strong>d\u00e9sherbage<\/strong> des cimeti\u00e8res.<\/p><\/div><\/div><\/div>\t\t\t\t\t\t\t\t<\/div>\n\t\t\t\t<\/div>\n\t\t\t\t<div class=\"elementor-element elementor-element-6b18f20 elementor-widget elementor-widget-spacer\" data-id=\"6b18f20\" data-element_type=\"widget\" data-e-type=\"widget\" data-widget_type=\"spacer.default\">\n\t\t\t\t<div class=\"elementor-widget-container\">\n\t\t\t\t\t\t\t<div class=\"elementor-spacer\">\n\t\t\t<div class=\"elementor-spacer-inner\"><\/div>\n\t\t<\/div>\n\t\t\t\t\t\t<\/div>\n\t\t\t\t<\/div>\n\t\t\t\t<div class=\"elementor-element elementor-element-26fadb6 elementor-widget elementor-widget-text-editor\" data-id=\"26fadb6\" data-element_type=\"widget\" data-e-type=\"widget\" data-widget_type=\"text-editor.default\">\n\t\t\t\t<div class=\"elementor-widget-container\">\n\t\t\t\t\t\t\t\t\t<div class=\"page\" title=\"Page 1\"><div class=\"layoutArea\"><div class=\"column\"><p>En plus des communes, nous travaillons \u00e9galement avec plusieurs entreprises de l\u2019agglom\u00e9ration Val de Garonne, comme Veolia, La SAUR, Habitalys, les voies navigables de France, etc . Les gares des environs, comme Sainte-Bazeille, Marmande, Aiguillon ou Port-Sainte-Marie, font \u00e9galement appel \u00e0 nous afin d\u2019entretenir leurs espaces ext\u00e9rieurs de fa\u00e7on r\u00e9guli\u00e8re. Les \u00e9quipes d\u2019EnviPlus vont \u00e9galement participer \u00e0 l\u2019<strong>am\u00e9nagement paysager<\/strong> de la gare de Marmande, r\u00e9cemment remise \u00e0 neuf.<\/p><\/div><\/div><\/div>\t\t\t\t\t\t\t\t<\/div>\n\t\t\t\t<\/div>\n\t\t\t\t\t<\/div>\n\t\t<\/div>\n\t\t\t\t<div class=\"elementor-column elementor-col-50 elementor-inner-column elementor-element elementor-element-71a7798\" data-id=\"71a7798\" data-element_type=\"column\" data-e-type=\"column\">\n\t\t\t<div class=\"elementor-widget-wrap elementor-element-populated\">\n\t\t\t\t\t\t<div class=\"elementor-element elementor-element-b3b41bb elementor-widget elementor-widget-heading\" data-id=\"b3b41bb\" data-element_type=\"widget\" data-e-type=\"widget\" data-widget_type=\"heading.default\">\n\t\t\t\t<div class=\"elementor-widget-container\">\n\t\t\t\t\t<h3 class=\"elementor-heading-title elementor-size-default\">Fonctionnement<\/h3>\t\t\t\t<\/div>\n\t\t\t\t<\/div>\n\t\t\t\t<div class=\"elementor-element elementor-element-802e48f elementor-widget elementor-widget-spacer\" data-id=\"802e48f\" data-element_type=\"widget\" data-e-type=\"widget\" data-widget_type=\"spacer.default\">\n\t\t\t\t<div class=\"elementor-widget-container\">\n\t\t\t\t\t\t\t<div class=\"elementor-spacer\">\n\t\t\t<div class=\"elementor-spacer-inner\"><\/div>\n\t\t<\/div>\n\t\t\t\t\t\t<\/div>\n\t\t\t\t<\/div>\n\t\t\t\t<div class=\"elementor-element elementor-element-d319163 elementor-widget elementor-widget-text-editor\" data-id=\"d319163\" data-element_type=\"widget\" data-e-type=\"widget\" data-widget_type=\"text-editor.default\">\n\t\t\t\t<div class=\"elementor-widget-container\">\n\t\t\t\t\t\t\t\t\t<div class=\"page\" title=\"Page 1\"><div class=\"layoutArea\"><div class=\"column\"><p>Ce sont 33 agents r\u00e9partis par \u00e9quipes et par p\u00f4les (revalorisation ou v\u00e9g\u00e9tation), travaillant du lundi au jeudi qui s\u2019occupe de <strong>valoriser nos communes<\/strong> en les entretenant et en prenant soin de nos espaces verts.<br \/>Apr\u00e8s une <strong>p\u00e9riode de formation<\/strong> au cours de laquelle les nouveaux agents apprennent \u00e0 utiliser la d\u00e9broussailleuse, le tracteur, le micro tracteur et les techniques n\u00e9cessaires \u00e0 l\u2019entretien ext\u00e9rieur, les diff\u00e9rentes \u00e9quipes de EnviPlus se chargent de <strong>nettoyer les espaces verts<\/strong> de nos communes afin de les garder le plus agr\u00e9able possible.\u00a0<\/p><p>Les \u00e9quipes effectuent l&rsquo;entretien de ces espaces en\u00a0<span style=\"color: var(--the7-base-color); font: var(--the7-base-font-big); letter-spacing: var(--the7-base-letter-spacing); text-transform: var(--the7-base-text-transform); word-spacing: normal; text-decoration: var(--the7-base-text-decoration);\">tondant, en d\u00e9broussaillant et en nettoyant, parfois m\u00eame en cr\u00e9ant <strong>des espaces conviviaux<\/strong> comme les jardins partag\u00e9s du quartier de la Gravette \u00e0 Marmande. Nous intervenons sur des espaces vari\u00e9s, allant de la rocade de Marmande, aux digues de la Garonne, en passant par le festival\u00a0<a href=\"https:\/\/www.garorock.com\/fr\" target=\"_blank\" rel=\"noopener\">Garorock<\/a>\u00a0pour lequel nous nous occupons de faire en sorte que l\u2019espace demeure agr\u00e9able, en nettoyant la plaine de la Filhole lors du festival mais \u00e9galement apr\u00e8s.<\/span><\/p><\/div><\/div><\/div>\t\t\t\t\t\t\t\t<\/div>\n\t\t\t\t<\/div>\n\t\t\t\t<div class=\"elementor-element elementor-element-8cbda35 elementor-widget-divider--view-line elementor-widget elementor-widget-divider\" data-id=\"8cbda35\" data-element_type=\"widget\" data-e-type=\"widget\" data-widget_type=\"divider.default\">\n\t\t\t\t<div class=\"elementor-widget-container\">\n\t\t\t\t\t\t\t<div class=\"elementor-divider\">\n\t\t\t<span class=\"elementor-divider-separator\">\n\t\t\t\t\t\t<\/span>\n\t\t<\/div>\n\t\t\t\t\t\t<\/div>\n\t\t\t\t<\/div>\n\t\t\t\t<div class=\"elementor-element elementor-element-562c9fc elementor-widget elementor-widget-text-editor\" data-id=\"562c9fc\" data-element_type=\"widget\" data-e-type=\"widget\" data-widget_type=\"text-editor.default\">\n\t\t\t\t<div class=\"elementor-widget-container\">\n\t\t\t\t\t\t\t\t\t<div class=\"page\" title=\"Page 2\"><div class=\"layoutArea\"><div class=\"column\"><p><strong>Tout type d&rsquo;entreprise<\/strong> peut faire appel \u00e0 nos services. Les comp\u00e9tences de nos agents espaces verts sont diverses et <strong>s\u2019adaptent \u00e0 votre demande<\/strong>. Que ce soit de la tonte, du d\u00e9broussaillage, du nettoyage ext\u00e9rieur ou m\u00eame la cr\u00e9ation d\u2019un espace ludique et\/ou \u00e9ducatif visant \u00e0 sensibiliser \u00e0 l\u2019environnement et au partage, les \u00e9quipes EnviPlus sauront r\u00e9pondre pr\u00e9sent. En faisant appel \u00e0 nous, vous ajoutez \u00e0 votre d\u00e9marche une <strong>responsabilit\u00e9 soci\u00e9tale<\/strong>.<\/p><\/div><\/div><\/div>\t\t\t\t\t\t\t\t<\/div>\n\t\t\t\t<\/div>\n\t\t\t\t\t<\/div>\n\t\t<\/div>\n\t\t\t\t\t<\/div>\n\t\t<\/section>\n\t\t\t\t<div class=\"elementor-element elementor-element-8b0e41b elementor-widget-divider--view-line elementor-widget elementor-widget-divider\" data-id=\"8b0e41b\" data-element_type=\"widget\" data-e-type=\"widget\" data-widget_type=\"divider.default\">\n\t\t\t\t<div class=\"elementor-widget-container\">\n\t\t\t\t\t\t\t<div class=\"elementor-divider\">\n\t\t\t<span class=\"elementor-divider-separator\">\n\t\t\t\t\t\t<\/span>\n\t\t<\/div>\n\t\t\t\t\t\t<\/div>\n\t\t\t\t<\/div>\n\t\t\t\t<div class=\"elementor-element elementor-element-3f846b3 elementor-widget elementor-widget-text-editor\" data-id=\"3f846b3\" data-element_type=\"widget\" data-e-type=\"widget\" data-widget_type=\"text-editor.default\">\n\t\t\t\t<div class=\"elementor-widget-container\">\n\t\t\t\t\t\t\t\t\t<div class=\"page\" title=\"Page 2\"><div class=\"layoutArea\"><div class=\"column\"><p>Pour nous, ces missions sont importantes car ces espaces sont des lieux communs, donc <strong>des lieux de vie et de partage<\/strong>. Participer activement \u00e0 leur entretien et leur pr\u00e9servation permet aux agents d\u2019EnviPlus de trouver un sens et une utilit\u00e9 \u00e0 leur m\u00e9tier, pour ainsi nourrir un sentiment d\u2019appartenance \u00e0 la soci\u00e9t\u00e9, <strong>leur donner envie de travailler et donc de faciliter leur r\u00e9insertion<\/strong>.<\/p><\/div><\/div><\/div>\t\t\t\t\t\t\t\t<\/div>\n\t\t\t\t<\/div>\n\t\t\t\t<div class=\"elementor-element elementor-element-5d9456c elementor-widget elementor-widget-spacer\" data-id=\"5d9456c\" data-element_type=\"widget\" data-e-type=\"widget\" data-widget_type=\"spacer.default\">\n\t\t\t\t<div class=\"elementor-widget-container\">\n\t\t\t\t\t\t\t<div class=\"elementor-spacer\">\n\t\t\t<div class=\"elementor-spacer-inner\"><\/div>\n\t\t<\/div>\n\t\t\t\t\t\t<\/div>\n\t\t\t\t<\/div>\n\t\t\t\t<div class=\"elementor-element elementor-element-632d077 elementor-widget elementor-widget-heading\" data-id=\"632d077\" data-element_type=\"widget\" data-e-type=\"widget\" data-widget_type=\"heading.default\">\n\t\t\t\t<div class=\"elementor-widget-container\">\n\t\t\t\t\t<h2 class=\"elementor-heading-title elementor-size-default\">Nos r\u00e9alisations : quelques exemples<\/h2>\t\t\t\t<\/div>\n\t\t\t\t<\/div>\n\t\t\t\t<div class=\"elementor-element elementor-element-2b5aaf6 elementor-widget elementor-widget-spacer\" data-id=\"2b5aaf6\" data-element_type=\"widget\" data-e-type=\"widget\" data-widget_type=\"spacer.default\">\n\t\t\t\t<div class=\"elementor-widget-container\">\n\t\t\t\t\t\t\t<div class=\"elementor-spacer\">\n\t\t\t<div class=\"elementor-spacer-inner\"><\/div>\n\t\t<\/div>\n\t\t\t\t\t\t<\/div>\n\t\t\t\t<\/div>\n\t\t\t\t<div class=\"elementor-element elementor-element-361ef1d elementor-widget elementor-widget-text-editor\" data-id=\"361ef1d\" data-element_type=\"widget\" data-e-type=\"widget\" data-widget_type=\"text-editor.default\">\n\t\t\t\t<div class=\"elementor-widget-container\">\n\t\t\t\t\t\t\t\t\t<p>Les \u00e9quipes espaces verts de EnviPlus entretiennent et <strong>am\u00e9liorent visiblement<\/strong> nos espaces de vie communs. A titre d&rsquo;exemple :\u00a0<\/p>\t\t\t\t\t\t\t\t<\/div>\n\t\t\t\t<\/div>\n\t\t\t\t<section class=\"elementor-section elementor-inner-section elementor-element elementor-element-38c3b4c elementor-section-boxed elementor-section-height-default elementor-section-height-default\" data-id=\"38c3b4c\" data-element_type=\"section\" data-e-type=\"section\">\n\t\t\t\t\t\t<div class=\"elementor-container elementor-column-gap-default\">\n\t\t\t\t\t<div class=\"elementor-column elementor-col-50 elementor-inner-column elementor-element elementor-element-e15440e\" data-id=\"e15440e\" data-element_type=\"column\" data-e-type=\"column\">\n\t\t\t<div class=\"elementor-widget-wrap elementor-element-populated\">\n\t\t\t\t\t\t<div class=\"elementor-element elementor-element-3f11366 elementor-widget elementor-widget-image\" data-id=\"3f11366\" data-element_type=\"widget\" data-e-type=\"widget\" data-widget_type=\"image.default\">\n\t\t\t\t<div class=\"elementor-widget-container\">\n\t\t\t\t\t\t\t\t\t\t\t\t\t\t\t<img fetchpriority=\"high\" decoding=\"async\" width=\"1024\" height=\"683\" src=\"https:\/\/enviplus.fr\/wp-content\/uploads\/2023\/03\/enviEV-7-2-1024x683.jpg\" class=\"attachment-large size-large wp-image-7010\" alt=\"Jardins partag\u00e9s La Gravette Entretien Espaces Verts EnviPlus\" srcset=\"https:\/\/enviplus.fr\/wp-content\/uploads\/2023\/03\/enviEV-7-2-1024x683.jpg 1024w, https:\/\/enviplus.fr\/wp-content\/uploads\/2023\/03\/enviEV-7-2-300x200.jpg 300w, https:\/\/enviplus.fr\/wp-content\/uploads\/2023\/03\/enviEV-7-2-768x512.jpg 768w, https:\/\/enviplus.fr\/wp-content\/uploads\/2023\/03\/enviEV-7-2-1536x1024.jpg 1536w, https:\/\/enviplus.fr\/wp-content\/uploads\/2023\/03\/enviEV-7-2-2048x1365.jpg 2048w\" sizes=\"(max-width: 1024px) 100vw, 1024px\" \/>\t\t\t\t\t\t\t\t\t\t\t\t\t\t\t<\/div>\n\t\t\t\t<\/div>\n\t\t\t\t<div class=\"elementor-element elementor-element-81a418b elementor-widget-divider--view-line elementor-widget elementor-widget-divider\" data-id=\"81a418b\" data-element_type=\"widget\" data-e-type=\"widget\" data-widget_type=\"divider.default\">\n\t\t\t\t<div class=\"elementor-widget-container\">\n\t\t\t\t\t\t\t<div class=\"elementor-divider\">\n\t\t\t<span class=\"elementor-divider-separator\">\n\t\t\t\t\t\t<\/span>\n\t\t<\/div>\n\t\t\t\t\t\t<\/div>\n\t\t\t\t<\/div>\n\t\t\t\t<div class=\"elementor-element elementor-element-239f58a elementor-widget elementor-widget-text-editor\" data-id=\"239f58a\" data-element_type=\"widget\" data-e-type=\"widget\" data-widget_type=\"text-editor.default\">\n\t\t\t\t<div class=\"elementor-widget-container\">\n\t\t\t\t\t\t\t\t\t<p>Le quartier de la Gravette et ses jardins partag\u00e9s. Ce lieu vise \u00e0 cr\u00e9er des moments de partage et d\u00e9tente dans le quotidien des habitants du quartier, tout en sensibilisant \u00e0 la pr\u00e9servation et \u00e0 la protection de l\u2019environnement.<\/p>\t\t\t\t\t\t\t\t<\/div>\n\t\t\t\t<\/div>\n\t\t\t\t\t<\/div>\n\t\t<\/div>\n\t\t\t\t<div class=\"elementor-column elementor-col-50 elementor-inner-column elementor-element elementor-element-b912e5b\" data-id=\"b912e5b\" data-element_type=\"column\" data-e-type=\"column\">\n\t\t\t<div class=\"elementor-widget-wrap elementor-element-populated\">\n\t\t\t\t\t\t<div class=\"elementor-element elementor-element-6fd6fa9 elementor-widget elementor-widget-image\" data-id=\"6fd6fa9\" data-element_type=\"widget\" data-e-type=\"widget\" data-widget_type=\"image.default\">\n\t\t\t\t<div class=\"elementor-widget-container\">\n\t\t\t\t\t\t\t\t\t\t\t\t\t\t\t<img decoding=\"async\" width=\"1024\" height=\"600\" src=\"https:\/\/enviplus.fr\/wp-content\/uploads\/2023\/03\/AVANT-APRES-DESHERBAGE-1024x600.png\" class=\"attachment-large size-large wp-image-7012\" alt=\"Avant Apr\u00e8s D\u00e9sherbage\" srcset=\"https:\/\/enviplus.fr\/wp-content\/uploads\/2023\/03\/AVANT-APRES-DESHERBAGE-1024x600.png 1024w, https:\/\/enviplus.fr\/wp-content\/uploads\/2023\/03\/AVANT-APRES-DESHERBAGE-300x176.png 300w, https:\/\/enviplus.fr\/wp-content\/uploads\/2023\/03\/AVANT-APRES-DESHERBAGE-768x450.png 768w, https:\/\/enviplus.fr\/wp-content\/uploads\/2023\/03\/AVANT-APRES-DESHERBAGE-1536x900.png 1536w, https:\/\/enviplus.fr\/wp-content\/uploads\/2023\/03\/AVANT-APRES-DESHERBAGE-2048x1200.png 2048w\" sizes=\"(max-width: 1024px) 100vw, 1024px\" \/>\t\t\t\t\t\t\t\t\t\t\t\t\t\t\t<\/div>\n\t\t\t\t<\/div>\n\t\t\t\t<div class=\"elementor-element elementor-element-5ae7aa0 elementor-widget-divider--view-line elementor-widget elementor-widget-divider\" data-id=\"5ae7aa0\" data-element_type=\"widget\" data-e-type=\"widget\" data-widget_type=\"divider.default\">\n\t\t\t\t<div class=\"elementor-widget-container\">\n\t\t\t\t\t\t\t<div class=\"elementor-divider\">\n\t\t\t<span class=\"elementor-divider-separator\">\n\t\t\t\t\t\t<\/span>\n\t\t<\/div>\n\t\t\t\t\t\t<\/div>\n\t\t\t\t<\/div>\n\t\t\t\t<div class=\"elementor-element elementor-element-7454872 elementor-widget elementor-widget-text-editor\" data-id=\"7454872\" data-element_type=\"widget\" data-e-type=\"widget\" data-widget_type=\"text-editor.default\">\n\t\t\t\t<div class=\"elementor-widget-container\">\n\t\t\t\t\t\t\t\t\t<p>Nos \u00e9quipes prennent \u00e9galement soin de nettoyer les rues de votre commune, lieux de passage quotidien des habitants, comme elles l\u2019ont fait \u00e0 Marmande.<\/p>\t\t\t\t\t\t\t\t<\/div>\n\t\t\t\t<\/div>\n\t\t\t\t<div class=\"elementor-element elementor-element-f54b29b elementor-widget elementor-widget-spacer\" data-id=\"f54b29b\" data-element_type=\"widget\" data-e-type=\"widget\" data-widget_type=\"spacer.default\">\n\t\t\t\t<div class=\"elementor-widget-container\">\n\t\t\t\t\t\t\t<div class=\"elementor-spacer\">\n\t\t\t<div class=\"elementor-spacer-inner\"><\/div>\n\t\t<\/div>\n\t\t\t\t\t\t<\/div>\n\t\t\t\t<\/div>\n\t\t\t\t\t<\/div>\n\t\t<\/div>\n\t\t\t\t\t<\/div>\n\t\t<\/section>\n\t\t\t\t\t<\/div>\n\t\t<\/div>\n\t\t\t\t\t<\/div>\n\t\t<\/section>\n\t\t\t\t<section class=\"elementor-section elementor-top-section elementor-element elementor-element-d788dbb elementor-section-boxed elementor-section-height-default elementor-section-height-default\" data-id=\"d788dbb\" data-element_type=\"section\" data-e-type=\"section\">\n\t\t\t\t\t\t<div class=\"elementor-container elementor-column-gap-default\">\n\t\t\t\t\t<div class=\"elementor-column elementor-col-100 elementor-top-column elementor-element elementor-element-899b447\" data-id=\"899b447\" data-element_type=\"column\" data-e-type=\"column\">\n\t\t\t<div class=\"elementor-widget-wrap elementor-element-populated\">\n\t\t\t\t\t\t<div class=\"elementor-element elementor-element-9fd75ff elementor-widget elementor-widget-heading\" data-id=\"9fd75ff\" data-element_type=\"widget\" data-e-type=\"widget\" data-widget_type=\"heading.default\">\n\t\t\t\t<div class=\"elementor-widget-container\">\n\t\t\t\t\t<h3 class=\"elementor-heading-title elementor-size-default\">N'h\u00e9sitez pas \u00e0 contacter notre p\u00f4le Espaces Vert et \u00e0 partager cet article s'il vous a plu !<\/h3>\t\t\t\t<\/div>\n\t\t\t\t<\/div>\n\t\t\t\t\t<\/div>\n\t\t<\/div>\n\t\t\t\t\t<\/div>\n\t\t<\/section>\n\t\t\t\t<\/div>\n\t\t","protected":false},"excerpt":{"rendered":"<p>Le but premier de notre association reste l&rsquo;insertion de nos employ\u00e9s, le p\u00f4le espaces verts a \u00e9galement pour objectif la sensibilisation \u00e0 l\u2019environnement et \u00e0 sa protection. Christophe, charg\u00e9 de g\u00e9rer les missions concernant les espaces verts, nous en dit plus sur le p\u00f4le entretien des espaces verts et ses missions dans nos communes.<\/p>\n","protected":false},"author":2,"featured_media":7013,"comment_status":"open","ping_status":"open","sticky":false,"template":"","format":"standard","meta":{"footnotes":""},"categories":[1],"tags":[],"class_list":["post-7006","post","type-post","status-publish","format-standard","has-post-thumbnail","hentry","category-non-classe"],"yoast_head":"<!-- This site is optimized with the Yoast SEO plugin v27.5 - https:\/\/yoast.com\/product\/yoast-seo-wordpress\/ -->\n<title>Le p\u00f4le Espaces Vert d&#039;EnviPlus - Enviplus<\/title>\n<meta name=\"robots\" content=\"index, follow, max-snippet:-1, max-image-preview:large, max-video-preview:-1\" \/>\n<link rel=\"canonical\" href=\"https:\/\/enviplus.fr\/index.php\/2023\/03\/24\/pole-espaces-vert-enviplus\/\" \/>\n<meta property=\"og:locale\" content=\"fr_FR\" \/>\n<meta property=\"og:type\" content=\"article\" \/>\n<meta property=\"og:title\" content=\"Le p\u00f4le Espaces Vert d&#039;EnviPlus - Enviplus\" \/>\n<meta property=\"og:description\" content=\"Le but premier de notre association reste l&#039;insertion de nos employ\u00e9s, le p\u00f4le espaces verts a \u00e9galement pour objectif la sensibilisation \u00e0 l\u2019environnement et \u00e0 sa protection. Christophe, charg\u00e9 de g\u00e9rer les missions concernant les espaces verts, nous en dit plus sur le p\u00f4le entretien des espaces verts et ses missions dans nos communes.\" \/>\n<meta property=\"og:url\" content=\"https:\/\/enviplus.fr\/index.php\/2023\/03\/24\/pole-espaces-vert-enviplus\/\" \/>\n<meta property=\"og:site_name\" content=\"Enviplus\" \/>\n<meta property=\"article:publisher\" content=\"https:\/\/www.facebook.com\/enviplus47\" \/>\n<meta property=\"article:published_time\" content=\"2023-03-24T16:13:51+00:00\" \/>\n<meta property=\"article:modified_time\" content=\"2023-06-29T17:12:12+00:00\" \/>\n<meta property=\"og:image\" content=\"https:\/\/enviplus.fr\/wp-content\/uploads\/2023\/03\/enviEV-10.jpg\" \/>\n\t<meta property=\"og:image:width\" content=\"2416\" \/>\n\t<meta property=\"og:image:height\" content=\"1611\" \/>\n\t<meta property=\"og:image:type\" content=\"image\/jpeg\" \/>\n<meta name=\"author\" content=\"elieconseiletcom\" \/>\n<meta name=\"twitter:card\" content=\"summary_large_image\" \/>\n<meta name=\"twitter:label1\" content=\"\u00c9crit par\" \/>\n\t<meta name=\"twitter:data1\" content=\"elieconseiletcom\" \/>\n\t<meta name=\"twitter:label2\" content=\"Dur\u00e9e de lecture estim\u00e9e\" \/>\n\t<meta name=\"twitter:data2\" content=\"5 minutes\" \/>\n<script type=\"application\/ld+json\" class=\"yoast-schema-graph\">{\"@context\":\"https:\\\/\\\/schema.org\",\"@graph\":[{\"@type\":\"Article\",\"@id\":\"https:\\\/\\\/enviplus.fr\\\/index.php\\\/2023\\\/03\\\/24\\\/pole-espaces-vert-enviplus\\\/#article\",\"isPartOf\":{\"@id\":\"https:\\\/\\\/enviplus.fr\\\/index.php\\\/2023\\\/03\\\/24\\\/pole-espaces-vert-enviplus\\\/\"},\"author\":{\"name\":\"elieconseiletcom\",\"@id\":\"https:\\\/\\\/enviplus.fr\\\/#\\\/schema\\\/person\\\/f48cd7bea3ed9fbbdc362781c325c1bd\"},\"headline\":\"Le p\u00f4le Espaces Vert d&rsquo;EnviPlus\",\"datePublished\":\"2023-03-24T16:13:51+00:00\",\"dateModified\":\"2023-06-29T17:12:12+00:00\",\"mainEntityOfPage\":{\"@id\":\"https:\\\/\\\/enviplus.fr\\\/index.php\\\/2023\\\/03\\\/24\\\/pole-espaces-vert-enviplus\\\/\"},\"wordCount\":866,\"commentCount\":0,\"publisher\":{\"@id\":\"https:\\\/\\\/enviplus.fr\\\/#organization\"},\"image\":{\"@id\":\"https:\\\/\\\/enviplus.fr\\\/index.php\\\/2023\\\/03\\\/24\\\/pole-espaces-vert-enviplus\\\/#primaryimage\"},\"thumbnailUrl\":\"https:\\\/\\\/enviplus.fr\\\/wp-content\\\/uploads\\\/2023\\\/03\\\/enviEV-10.jpg\",\"inLanguage\":\"fr-FR\",\"potentialAction\":[{\"@type\":\"CommentAction\",\"name\":\"Comment\",\"target\":[\"https:\\\/\\\/enviplus.fr\\\/index.php\\\/2023\\\/03\\\/24\\\/pole-espaces-vert-enviplus\\\/#respond\"]}]},{\"@type\":\"WebPage\",\"@id\":\"https:\\\/\\\/enviplus.fr\\\/index.php\\\/2023\\\/03\\\/24\\\/pole-espaces-vert-enviplus\\\/\",\"url\":\"https:\\\/\\\/enviplus.fr\\\/index.php\\\/2023\\\/03\\\/24\\\/pole-espaces-vert-enviplus\\\/\",\"name\":\"Le p\u00f4le Espaces Vert d'EnviPlus - Enviplus\",\"isPartOf\":{\"@id\":\"https:\\\/\\\/enviplus.fr\\\/#website\"},\"primaryImageOfPage\":{\"@id\":\"https:\\\/\\\/enviplus.fr\\\/index.php\\\/2023\\\/03\\\/24\\\/pole-espaces-vert-enviplus\\\/#primaryimage\"},\"image\":{\"@id\":\"https:\\\/\\\/enviplus.fr\\\/index.php\\\/2023\\\/03\\\/24\\\/pole-espaces-vert-enviplus\\\/#primaryimage\"},\"thumbnailUrl\":\"https:\\\/\\\/enviplus.fr\\\/wp-content\\\/uploads\\\/2023\\\/03\\\/enviEV-10.jpg\",\"datePublished\":\"2023-03-24T16:13:51+00:00\",\"dateModified\":\"2023-06-29T17:12:12+00:00\",\"breadcrumb\":{\"@id\":\"https:\\\/\\\/enviplus.fr\\\/index.php\\\/2023\\\/03\\\/24\\\/pole-espaces-vert-enviplus\\\/#breadcrumb\"},\"inLanguage\":\"fr-FR\",\"potentialAction\":[{\"@type\":\"ReadAction\",\"target\":[\"https:\\\/\\\/enviplus.fr\\\/index.php\\\/2023\\\/03\\\/24\\\/pole-espaces-vert-enviplus\\\/\"]}]},{\"@type\":\"ImageObject\",\"inLanguage\":\"fr-FR\",\"@id\":\"https:\\\/\\\/enviplus.fr\\\/index.php\\\/2023\\\/03\\\/24\\\/pole-espaces-vert-enviplus\\\/#primaryimage\",\"url\":\"https:\\\/\\\/enviplus.fr\\\/wp-content\\\/uploads\\\/2023\\\/03\\\/enviEV-10.jpg\",\"contentUrl\":\"https:\\\/\\\/enviplus.fr\\\/wp-content\\\/uploads\\\/2023\\\/03\\\/enviEV-10.jpg\",\"width\":2416,\"height\":1611,\"caption\":\"Le P\u00f4le espaces verts d'EnviPlus au travail\"},{\"@type\":\"BreadcrumbList\",\"@id\":\"https:\\\/\\\/enviplus.fr\\\/index.php\\\/2023\\\/03\\\/24\\\/pole-espaces-vert-enviplus\\\/#breadcrumb\",\"itemListElement\":[{\"@type\":\"ListItem\",\"position\":1,\"name\":\"Home\",\"item\":\"https:\\\/\\\/enviplus.fr\\\/\"},{\"@type\":\"ListItem\",\"position\":2,\"name\":\"Le p\u00f4le Espaces Vert d&#8217;EnviPlus\"}]},{\"@type\":\"WebSite\",\"@id\":\"https:\\\/\\\/enviplus.fr\\\/#website\",\"url\":\"https:\\\/\\\/enviplus.fr\\\/\",\"name\":\"Enviplus\",\"description\":\"Tremplin humain\",\"publisher\":{\"@id\":\"https:\\\/\\\/enviplus.fr\\\/#organization\"},\"potentialAction\":[{\"@type\":\"SearchAction\",\"target\":{\"@type\":\"EntryPoint\",\"urlTemplate\":\"https:\\\/\\\/enviplus.fr\\\/?s={search_term_string}\"},\"query-input\":{\"@type\":\"PropertyValueSpecification\",\"valueRequired\":true,\"valueName\":\"search_term_string\"}}],\"inLanguage\":\"fr-FR\"},{\"@type\":\"Organization\",\"@id\":\"https:\\\/\\\/enviplus.fr\\\/#organization\",\"name\":\"Enviplus\",\"url\":\"https:\\\/\\\/enviplus.fr\\\/\",\"logo\":{\"@type\":\"ImageObject\",\"inLanguage\":\"fr-FR\",\"@id\":\"https:\\\/\\\/enviplus.fr\\\/#\\\/schema\\\/logo\\\/image\\\/\",\"url\":\"https:\\\/\\\/enviplus.fr\\\/wp-content\\\/uploads\\\/2021\\\/11\\\/enviplus32x32HD.png\",\"contentUrl\":\"https:\\\/\\\/enviplus.fr\\\/wp-content\\\/uploads\\\/2021\\\/11\\\/enviplus32x32HD.png\",\"width\":130,\"height\":99,\"caption\":\"Enviplus\"},\"image\":{\"@id\":\"https:\\\/\\\/enviplus.fr\\\/#\\\/schema\\\/logo\\\/image\\\/\"},\"sameAs\":[\"https:\\\/\\\/www.facebook.com\\\/enviplus47\"]},{\"@type\":\"Person\",\"@id\":\"https:\\\/\\\/enviplus.fr\\\/#\\\/schema\\\/person\\\/f48cd7bea3ed9fbbdc362781c325c1bd\",\"name\":\"elieconseiletcom\",\"image\":{\"@type\":\"ImageObject\",\"inLanguage\":\"fr-FR\",\"@id\":\"https:\\\/\\\/secure.gravatar.com\\\/avatar\\\/ef2fd0f377dcc868c691d32f4b8c9f7e05007e0d42af427435bd86e0b020b5e2?s=96&d=mm&r=g\",\"url\":\"https:\\\/\\\/secure.gravatar.com\\\/avatar\\\/ef2fd0f377dcc868c691d32f4b8c9f7e05007e0d42af427435bd86e0b020b5e2?s=96&d=mm&r=g\",\"contentUrl\":\"https:\\\/\\\/secure.gravatar.com\\\/avatar\\\/ef2fd0f377dcc868c691d32f4b8c9f7e05007e0d42af427435bd86e0b020b5e2?s=96&d=mm&r=g\",\"caption\":\"elieconseiletcom\"},\"url\":\"https:\\\/\\\/enviplus.fr\\\/index.php\\\/author\\\/elieconseiletcom\\\/\"}]}<\/script>\n<!-- \/ Yoast SEO plugin. -->","yoast_head_json":{"title":"Le p\u00f4le Espaces Vert d'EnviPlus - Enviplus","robots":{"index":"index","follow":"follow","max-snippet":"max-snippet:-1","max-image-preview":"max-image-preview:large","max-video-preview":"max-video-preview:-1"},"canonical":"https:\/\/enviplus.fr\/index.php\/2023\/03\/24\/pole-espaces-vert-enviplus\/","og_locale":"fr_FR","og_type":"article","og_title":"Le p\u00f4le Espaces Vert d'EnviPlus - Enviplus","og_description":"Le but premier de notre association reste l'insertion de nos employ\u00e9s, le p\u00f4le espaces verts a \u00e9galement pour objectif la sensibilisation \u00e0 l\u2019environnement et \u00e0 sa protection. Christophe, charg\u00e9 de g\u00e9rer les missions concernant les espaces verts, nous en dit plus sur le p\u00f4le entretien des espaces verts et ses missions dans nos communes.","og_url":"https:\/\/enviplus.fr\/index.php\/2023\/03\/24\/pole-espaces-vert-enviplus\/","og_site_name":"Enviplus","article_publisher":"https:\/\/www.facebook.com\/enviplus47","article_published_time":"2023-03-24T16:13:51+00:00","article_modified_time":"2023-06-29T17:12:12+00:00","og_image":[{"width":2416,"height":1611,"url":"https:\/\/enviplus.fr\/wp-content\/uploads\/2023\/03\/enviEV-10.jpg","type":"image\/jpeg"}],"author":"elieconseiletcom","twitter_card":"summary_large_image","twitter_misc":{"\u00c9crit par":"elieconseiletcom","Dur\u00e9e de lecture estim\u00e9e":"5 minutes"},"schema":{"@context":"https:\/\/schema.org","@graph":[{"@type":"Article","@id":"https:\/\/enviplus.fr\/index.php\/2023\/03\/24\/pole-espaces-vert-enviplus\/#article","isPartOf":{"@id":"https:\/\/enviplus.fr\/index.php\/2023\/03\/24\/pole-espaces-vert-enviplus\/"},"author":{"name":"elieconseiletcom","@id":"https:\/\/enviplus.fr\/#\/schema\/person\/f48cd7bea3ed9fbbdc362781c325c1bd"},"headline":"Le p\u00f4le Espaces Vert d&rsquo;EnviPlus","datePublished":"2023-03-24T16:13:51+00:00","dateModified":"2023-06-29T17:12:12+00:00","mainEntityOfPage":{"@id":"https:\/\/enviplus.fr\/index.php\/2023\/03\/24\/pole-espaces-vert-enviplus\/"},"wordCount":866,"commentCount":0,"publisher":{"@id":"https:\/\/enviplus.fr\/#organization"},"image":{"@id":"https:\/\/enviplus.fr\/index.php\/2023\/03\/24\/pole-espaces-vert-enviplus\/#primaryimage"},"thumbnailUrl":"https:\/\/enviplus.fr\/wp-content\/uploads\/2023\/03\/enviEV-10.jpg","inLanguage":"fr-FR","potentialAction":[{"@type":"CommentAction","name":"Comment","target":["https:\/\/enviplus.fr\/index.php\/2023\/03\/24\/pole-espaces-vert-enviplus\/#respond"]}]},{"@type":"WebPage","@id":"https:\/\/enviplus.fr\/index.php\/2023\/03\/24\/pole-espaces-vert-enviplus\/","url":"https:\/\/enviplus.fr\/index.php\/2023\/03\/24\/pole-espaces-vert-enviplus\/","name":"Le p\u00f4le Espaces Vert d'EnviPlus - Enviplus","isPartOf":{"@id":"https:\/\/enviplus.fr\/#website"},"primaryImageOfPage":{"@id":"https:\/\/enviplus.fr\/index.php\/2023\/03\/24\/pole-espaces-vert-enviplus\/#primaryimage"},"image":{"@id":"https:\/\/enviplus.fr\/index.php\/2023\/03\/24\/pole-espaces-vert-enviplus\/#primaryimage"},"thumbnailUrl":"https:\/\/enviplus.fr\/wp-content\/uploads\/2023\/03\/enviEV-10.jpg","datePublished":"2023-03-24T16:13:51+00:00","dateModified":"2023-06-29T17:12:12+00:00","breadcrumb":{"@id":"https:\/\/enviplus.fr\/index.php\/2023\/03\/24\/pole-espaces-vert-enviplus\/#breadcrumb"},"inLanguage":"fr-FR","potentialAction":[{"@type":"ReadAction","target":["https:\/\/enviplus.fr\/index.php\/2023\/03\/24\/pole-espaces-vert-enviplus\/"]}]},{"@type":"ImageObject","inLanguage":"fr-FR","@id":"https:\/\/enviplus.fr\/index.php\/2023\/03\/24\/pole-espaces-vert-enviplus\/#primaryimage","url":"https:\/\/enviplus.fr\/wp-content\/uploads\/2023\/03\/enviEV-10.jpg","contentUrl":"https:\/\/enviplus.fr\/wp-content\/uploads\/2023\/03\/enviEV-10.jpg","width":2416,"height":1611,"caption":"Le P\u00f4le espaces verts d'EnviPlus au travail"},{"@type":"BreadcrumbList","@id":"https:\/\/enviplus.fr\/index.php\/2023\/03\/24\/pole-espaces-vert-enviplus\/#breadcrumb","itemListElement":[{"@type":"ListItem","position":1,"name":"Home","item":"https:\/\/enviplus.fr\/"},{"@type":"ListItem","position":2,"name":"Le p\u00f4le Espaces Vert d&#8217;EnviPlus"}]},{"@type":"WebSite","@id":"https:\/\/enviplus.fr\/#website","url":"https:\/\/enviplus.fr\/","name":"Enviplus","description":"Tremplin humain","publisher":{"@id":"https:\/\/enviplus.fr\/#organization"},"potentialAction":[{"@type":"SearchAction","target":{"@type":"EntryPoint","urlTemplate":"https:\/\/enviplus.fr\/?s={search_term_string}"},"query-input":{"@type":"PropertyValueSpecification","valueRequired":true,"valueName":"search_term_string"}}],"inLanguage":"fr-FR"},{"@type":"Organization","@id":"https:\/\/enviplus.fr\/#organization","name":"Enviplus","url":"https:\/\/enviplus.fr\/","logo":{"@type":"ImageObject","inLanguage":"fr-FR","@id":"https:\/\/enviplus.fr\/#\/schema\/logo\/image\/","url":"https:\/\/enviplus.fr\/wp-content\/uploads\/2021\/11\/enviplus32x32HD.png","contentUrl":"https:\/\/enviplus.fr\/wp-content\/uploads\/2021\/11\/enviplus32x32HD.png","width":130,"height":99,"caption":"Enviplus"},"image":{"@id":"https:\/\/enviplus.fr\/#\/schema\/logo\/image\/"},"sameAs":["https:\/\/www.facebook.com\/enviplus47"]},{"@type":"Person","@id":"https:\/\/enviplus.fr\/#\/schema\/person\/f48cd7bea3ed9fbbdc362781c325c1bd","name":"elieconseiletcom","image":{"@type":"ImageObject","inLanguage":"fr-FR","@id":"https:\/\/secure.gravatar.com\/avatar\/ef2fd0f377dcc868c691d32f4b8c9f7e05007e0d42af427435bd86e0b020b5e2?s=96&d=mm&r=g","url":"https:\/\/secure.gravatar.com\/avatar\/ef2fd0f377dcc868c691d32f4b8c9f7e05007e0d42af427435bd86e0b020b5e2?s=96&d=mm&r=g","contentUrl":"https:\/\/secure.gravatar.com\/avatar\/ef2fd0f377dcc868c691d32f4b8c9f7e05007e0d42af427435bd86e0b020b5e2?s=96&d=mm&r=g","caption":"elieconseiletcom"},"url":"https:\/\/enviplus.fr\/index.php\/author\/elieconseiletcom\/"}]}},"_links":{"self":[{"href":"https:\/\/enviplus.fr\/index.php\/wp-json\/wp\/v2\/posts\/7006","targetHints":{"allow":["GET"]}}],"collection":[{"href":"https:\/\/enviplus.fr\/index.php\/wp-json\/wp\/v2\/posts"}],"about":[{"href":"https:\/\/enviplus.fr\/index.php\/wp-json\/wp\/v2\/types\/post"}],"author":[{"embeddable":true,"href":"https:\/\/enviplus.fr\/index.php\/wp-json\/wp\/v2\/users\/2"}],"replies":[{"embeddable":true,"href":"https:\/\/enviplus.fr\/index.php\/wp-json\/wp\/v2\/comments?post=7006"}],"version-history":[{"count":15,"href":"https:\/\/enviplus.fr\/index.php\/wp-json\/wp\/v2\/posts\/7006\/revisions"}],"predecessor-version":[{"id":7091,"href":"https:\/\/enviplus.fr\/index.php\/wp-json\/wp\/v2\/posts\/7006\/revisions\/7091"}],"wp:featuredmedia":[{"embeddable":true,"href":"https:\/\/enviplus.fr\/index.php\/wp-json\/wp\/v2\/media\/7013"}],"wp:attachment":[{"href":"https:\/\/enviplus.fr\/index.php\/wp-json\/wp\/v2\/media?parent=7006"}],"wp:term":[{"taxonomy":"category","embeddable":true,"href":"https:\/\/enviplus.fr\/index.php\/wp-json\/wp\/v2\/categories?post=7006"},{"taxonomy":"post_tag","embeddable":true,"href":"https:\/\/enviplus.fr\/index.php\/wp-json\/wp\/v2\/tags?post=7006"}],"curies":[{"name":"wp","href":"https:\/\/api.w.org\/{rel}","templated":true}]}}