{"id":7028,"date":"2023-04-21T13:39:57","date_gmt":"2023-04-21T11:39:57","guid":{"rendered":"https:\/\/enviplus.fr\/?p=7028"},"modified":"2023-04-21T13:51:13","modified_gmt":"2023-04-21T11:51:13","slug":"accompagnement-enviplus","status":"publish","type":"post","link":"https:\/\/enviplus.fr\/index.php\/2023\/04\/21\/accompagnement-enviplus\/","title":{"rendered":"L&rsquo;accompagnement au sein d&rsquo;EnviPlus"},"content":{"rendered":"\t\t<div data-elementor-type=\"wp-post\" data-elementor-id=\"7028\" class=\"elementor elementor-7028\" data-elementor-post-type=\"post\">\n\t\t\t\t\t\t<section class=\"elementor-section elementor-top-section elementor-element elementor-element-ab8ae42 elementor-section-boxed elementor-section-height-default elementor-section-height-default\" data-id=\"ab8ae42\" data-element_type=\"section\" data-e-type=\"section\">\n\t\t\t\t\t\t<div class=\"elementor-container elementor-column-gap-default\">\n\t\t\t\t\t<div class=\"elementor-column elementor-col-100 elementor-top-column elementor-element elementor-element-614f1e7\" data-id=\"614f1e7\" data-element_type=\"column\" data-e-type=\"column\">\n\t\t\t<div class=\"elementor-widget-wrap elementor-element-populated\">\n\t\t\t\t\t\t<div class=\"elementor-element elementor-element-00b7fac elementor-widget elementor-widget-text-editor\" data-id=\"00b7fac\" data-element_type=\"widget\" data-e-type=\"widget\" data-widget_type=\"text-editor.default\">\n\t\t\t\t<div class=\"elementor-widget-container\">\n\t\t\t\t\t\t\t\t\t<p>Envi+ est une\u00a0<a href=\"https:\/\/www.monparcourshandicap.gouv.fr\/glossaire\/siae\" target=\"_blank\" rel=\"noopener\">structure d\u2019insertion par l\u2019activit\u00e9 \u00e9conomique (SIAE)<\/a>, nous sommes une organisation \u00e0 but non lucratif qui offre <b>des emplois temporaires et des formations professionnelles<\/b> \u00e0 des personnes qui ont des difficult\u00e9s \u00e0 trouver un emploi durable sur le march\u00e9 du travail. Nous avons pour objectif d\u2019accompagner et d&rsquo;aider les personnes en situation de pr\u00e9carit\u00e9 \u00e9conomique ou sociale \u00e0 retrouver leur place dans la soci\u00e9t\u00e9 en les accompagnant vers <b>un retour \u00e0 l\u2019emploi durable<\/b> tout en leur donnant les comp\u00e9tences n\u00e9cessaires pour y parvenir.<\/p>\t\t\t\t\t\t\t\t<\/div>\n\t\t\t\t<\/div>\n\t\t\t\t<div class=\"elementor-element elementor-element-cc7c067 elementor-widget elementor-widget-spacer\" data-id=\"cc7c067\" data-element_type=\"widget\" data-e-type=\"widget\" data-widget_type=\"spacer.default\">\n\t\t\t\t<div class=\"elementor-widget-container\">\n\t\t\t\t\t\t\t<div class=\"elementor-spacer\">\n\t\t\t<div class=\"elementor-spacer-inner\"><\/div>\n\t\t<\/div>\n\t\t\t\t\t\t<\/div>\n\t\t\t\t<\/div>\n\t\t\t\t<div class=\"elementor-element elementor-element-f9b9f87 elementor-widget elementor-widget-heading\" data-id=\"f9b9f87\" data-element_type=\"widget\" data-e-type=\"widget\" data-widget_type=\"heading.default\">\n\t\t\t\t<div class=\"elementor-widget-container\">\n\t\t\t\t\t<h3 class=\"elementor-heading-title elementor-size-default\">D\u00e9couvrez aujourd'hui les actions que nous menons pour atteindre cet objectif<\/h3>\t\t\t\t<\/div>\n\t\t\t\t<\/div>\n\t\t\t\t<div class=\"elementor-element elementor-element-3482a93 elementor-widget elementor-widget-spacer\" data-id=\"3482a93\" data-element_type=\"widget\" data-e-type=\"widget\" data-widget_type=\"spacer.default\">\n\t\t\t\t<div class=\"elementor-widget-container\">\n\t\t\t\t\t\t\t<div class=\"elementor-spacer\">\n\t\t\t<div class=\"elementor-spacer-inner\"><\/div>\n\t\t<\/div>\n\t\t\t\t\t\t<\/div>\n\t\t\t\t<\/div>\n\t\t\t\t<section class=\"elementor-section elementor-inner-section elementor-element elementor-element-9132f94 elementor-section-boxed elementor-section-height-default elementor-section-height-default\" data-id=\"9132f94\" data-element_type=\"section\" data-e-type=\"section\">\n\t\t\t\t\t\t<div class=\"elementor-container elementor-column-gap-default\">\n\t\t\t\t\t<div class=\"elementor-column elementor-col-50 elementor-inner-column elementor-element elementor-element-b11604e\" data-id=\"b11604e\" data-element_type=\"column\" data-e-type=\"column\">\n\t\t\t<div class=\"elementor-widget-wrap elementor-element-populated\">\n\t\t\t\t\t\t<div class=\"elementor-element elementor-element-7b1b911 elementor-widget elementor-widget-text-editor\" data-id=\"7b1b911\" data-element_type=\"widget\" data-e-type=\"widget\" data-widget_type=\"text-editor.default\">\n\t\t\t\t<div class=\"elementor-widget-container\">\n\t\t\t\t\t\t\t\t\t<p>Tout d\u2019abord, sous forme de <b>parcours socio-professionnels<\/b>, les personnes adh\u00e9rentes au dispositif sont form\u00e9es \u00e0 diff\u00e9rentes t\u00e2ches comme\u00a0<a href=\"https:\/\/enviplus.fr\/index.php\/2023\/03\/24\/pole-espaces-vert-enviplus\/\" target=\"_blank\" rel=\"noopener\">l\u2019am\u00e9nagement d\u2019espaces verts<\/a>, le d\u00e9mant\u00e8lement et les activit\u00e9s de tri.<\/p><p>Ensuite, nous les employons en <b>CDD de 6 mois (renouvelable 3 fois)<\/b>, en 26h r\u00e9mun\u00e9r\u00e9es au SMIC. Le but ici \u00e9tant de redonner de bonnes habitudes de travail, une autonomie et de nouvelles comp\u00e9tences. L\u2019impact de ce parcours est doublement positif, notamment en am\u00e9liorant la qualit\u00e9 de vie de nos salari\u00e9s mais aussi sur le territoire \u00e9conomique et social en ayant <b>un r\u00f4le de sensibilisation \u00e0 la protection et la pr\u00e9servation de l\u2019environnement.<\/b><\/p><p>Les activit\u00e9s dans le domaine du recyclage (traitement des bio-d\u00e9chets et d\u00e9mant\u00e8lement) participent \u00e0 d\u00e9velopper l\u2019\u00e9conomie circulaire tout en favorisant la revalorisation. De plus Envi+ est en lien \u00e9troit avec des<b> partenaires locaux et les entreprises du territoire<\/b> ce qui soutient le tissu \u00e9conomique et social.<\/p>\t\t\t\t\t\t\t\t<\/div>\n\t\t\t\t<\/div>\n\t\t\t\t\t<\/div>\n\t\t<\/div>\n\t\t\t\t<div class=\"elementor-column elementor-col-50 elementor-inner-column elementor-element elementor-element-14e3233\" data-id=\"14e3233\" data-element_type=\"column\" data-e-type=\"column\">\n\t\t\t<div class=\"elementor-widget-wrap elementor-element-populated\">\n\t\t\t\t\t\t<div class=\"elementor-element elementor-element-614069a elementor-widget elementor-widget-text-editor\" data-id=\"614069a\" data-element_type=\"widget\" data-e-type=\"widget\" data-widget_type=\"text-editor.default\">\n\t\t\t\t<div class=\"elementor-widget-container\">\n\t\t\t\t\t\t\t\t\t<p>Ensuite sous forme d\u2019<b>un parcours d\u2019accompagnement individuel <\/b>avec Nathalie, notre conseill\u00e8re en insertion professionnelle, en mettant l\u2019accent sur la recherche d\u2019emploi, en se questionnant notamment sur les diff\u00e9rents freins que peut avoir le salari\u00e9 (mobilit\u00e9, logement, addictions\u2026), en \u00e9tablissant un projet professionnel, en recherchant le besoin de qualification suppl\u00e9mentaire. Notre objectif ici est d\u2019\u00eatre un<b> tremplin vers le retour \u00e0 l\u2019emploi durable<\/b> hors de notre structure qui peut \u00eatre diff\u00e9rent de celui effectu\u00e9 au sein d\u2019Envi+.<\/p>\t\t\t\t\t\t\t\t<\/div>\n\t\t\t\t<\/div>\n\t\t\t\t<div class=\"elementor-element elementor-element-eae2a4e elementor-widget elementor-widget-image\" data-id=\"eae2a4e\" data-element_type=\"widget\" data-e-type=\"widget\" data-widget_type=\"image.default\">\n\t\t\t\t<div class=\"elementor-widget-container\">\n\t\t\t\t\t\t\t\t\t\t\t\t\t\t\t<img fetchpriority=\"high\" decoding=\"async\" width=\"1024\" height=\"683\" src=\"https:\/\/enviplus.fr\/wp-content\/uploads\/2023\/04\/enviA-7-1024x683.jpg\" class=\"attachment-large size-large wp-image-7037\" alt=\"\" srcset=\"https:\/\/enviplus.fr\/wp-content\/uploads\/2023\/04\/enviA-7-1024x683.jpg 1024w, https:\/\/enviplus.fr\/wp-content\/uploads\/2023\/04\/enviA-7-300x200.jpg 300w, https:\/\/enviplus.fr\/wp-content\/uploads\/2023\/04\/enviA-7-768x512.jpg 768w, https:\/\/enviplus.fr\/wp-content\/uploads\/2023\/04\/enviA-7-1536x1024.jpg 1536w, https:\/\/enviplus.fr\/wp-content\/uploads\/2023\/04\/enviA-7-2048x1366.jpg 2048w\" sizes=\"(max-width: 1024px) 100vw, 1024px\" \/>\t\t\t\t\t\t\t\t\t\t\t\t\t\t\t<\/div>\n\t\t\t\t<\/div>\n\t\t\t\t\t<\/div>\n\t\t<\/div>\n\t\t\t\t\t<\/div>\n\t\t<\/section>\n\t\t\t\t<div class=\"elementor-element elementor-element-8e23ece elementor-widget-divider--view-line elementor-widget elementor-widget-divider\" data-id=\"8e23ece\" data-element_type=\"widget\" data-e-type=\"widget\" data-widget_type=\"divider.default\">\n\t\t\t\t<div class=\"elementor-widget-container\">\n\t\t\t\t\t\t\t<div class=\"elementor-divider\">\n\t\t\t<span class=\"elementor-divider-separator\">\n\t\t\t\t\t\t<\/span>\n\t\t<\/div>\n\t\t\t\t\t\t<\/div>\n\t\t\t\t<\/div>\n\t\t\t\t<div class=\"elementor-element elementor-element-5c07e10 elementor-widget elementor-widget-heading\" data-id=\"5c07e10\" data-element_type=\"widget\" data-e-type=\"widget\" data-widget_type=\"heading.default\">\n\t\t\t\t<div class=\"elementor-widget-container\">\n\t\t\t\t\t<h3 class=\"elementor-heading-title elementor-size-default\">Comment se d\u00e9roule l\u2019accompagnement individuel ?<\/h3>\t\t\t\t<\/div>\n\t\t\t\t<\/div>\n\t\t\t\t<div class=\"elementor-element elementor-element-53b7f5e elementor-widget elementor-widget-spacer\" data-id=\"53b7f5e\" data-element_type=\"widget\" data-e-type=\"widget\" data-widget_type=\"spacer.default\">\n\t\t\t\t<div class=\"elementor-widget-container\">\n\t\t\t\t\t\t\t<div class=\"elementor-spacer\">\n\t\t\t<div class=\"elementor-spacer-inner\"><\/div>\n\t\t<\/div>\n\t\t\t\t\t\t<\/div>\n\t\t\t\t<\/div>\n\t\t\t\t<div class=\"elementor-element elementor-element-0a5f4e8 elementor-widget elementor-widget-text-editor\" data-id=\"0a5f4e8\" data-element_type=\"widget\" data-e-type=\"widget\" data-widget_type=\"text-editor.default\">\n\t\t\t\t<div class=\"elementor-widget-container\">\n\t\t\t\t\t\t\t\t\t<p>C&rsquo;est l\u00e0 que Nathalie, notre conseill\u00e8re en insertion professionnelle entre en jeu. Les conseill\u00e8res en insertion professionnelle sont en mesure d\u2019<b>\u00e9valuer les aptitudes et comp\u00e9tences<\/b> des personnes, et d\u2019<b>\u00e9laborer des plans d\u2019action <\/b>int\u00e9grant des formations qualifiantes, des recherches et des outils de communication. Elles collaborent \u00e9galement avec des organismes tels que P\u00f4le Emploi, les entreprises et les associations pour trouver <b>des solutions adapt\u00e9es<\/b> aux besoins des personnes.<\/p><p>Gr\u00e2ce \u00e0 <b>divers ateliers sous forme de coaching<\/b>, elle permet aux salari\u00e9s de faire un point de leur situation, de r\u00e9fl\u00e9chir \u00e0 leur projet professionnel et tout mettre en \u0153uvre pour l&rsquo;atteindre en surmontant les obstacles ou en am\u00e9liorant certaines comp\u00e9tences professionnelles. Ces ateliers sont <b>obligatoires<\/b>, parfois sous forme de jeu de r\u00f4le, en groupe ou en individuel. En voici un exemple :\u00a0<\/p>\t\t\t\t\t\t\t\t<\/div>\n\t\t\t\t<\/div>\n\t\t\t\t<section class=\"elementor-section elementor-inner-section elementor-element elementor-element-1093e7b elementor-section-boxed elementor-section-height-default elementor-section-height-default\" data-id=\"1093e7b\" data-element_type=\"section\" data-e-type=\"section\">\n\t\t\t\t\t\t<div class=\"elementor-container elementor-column-gap-default\">\n\t\t\t\t\t<div class=\"elementor-column elementor-col-33 elementor-inner-column elementor-element elementor-element-0f8781d\" data-id=\"0f8781d\" data-element_type=\"column\" data-e-type=\"column\">\n\t\t\t<div class=\"elementor-widget-wrap elementor-element-populated\">\n\t\t\t\t\t\t<div class=\"elementor-element elementor-element-0aaf133 elementor-widget elementor-widget-image\" data-id=\"0aaf133\" data-element_type=\"widget\" data-e-type=\"widget\" data-widget_type=\"image.default\">\n\t\t\t\t<div class=\"elementor-widget-container\">\n\t\t\t\t\t\t\t\t\t\t\t\t\t\t\t<img decoding=\"async\" width=\"1024\" height=\"683\" src=\"https:\/\/enviplus.fr\/wp-content\/uploads\/2023\/04\/travail-equipe-photo-jeunes-entrepreneurs-travaillant-nouveau-projet-au-bureau-1024x683.jpg\" class=\"attachment-large size-large wp-image-7031\" alt=\"\" srcset=\"https:\/\/enviplus.fr\/wp-content\/uploads\/2023\/04\/travail-equipe-photo-jeunes-entrepreneurs-travaillant-nouveau-projet-au-bureau-1024x683.jpg 1024w, https:\/\/enviplus.fr\/wp-content\/uploads\/2023\/04\/travail-equipe-photo-jeunes-entrepreneurs-travaillant-nouveau-projet-au-bureau-300x200.jpg 300w, https:\/\/enviplus.fr\/wp-content\/uploads\/2023\/04\/travail-equipe-photo-jeunes-entrepreneurs-travaillant-nouveau-projet-au-bureau-768x512.jpg 768w, https:\/\/enviplus.fr\/wp-content\/uploads\/2023\/04\/travail-equipe-photo-jeunes-entrepreneurs-travaillant-nouveau-projet-au-bureau-1536x1024.jpg 1536w, https:\/\/enviplus.fr\/wp-content\/uploads\/2023\/04\/travail-equipe-photo-jeunes-entrepreneurs-travaillant-nouveau-projet-au-bureau-2048x1365.jpg 2048w\" sizes=\"(max-width: 1024px) 100vw, 1024px\" \/>\t\t\t\t\t\t\t\t\t\t\t\t\t\t\t<\/div>\n\t\t\t\t<\/div>\n\t\t\t\t<div class=\"elementor-element elementor-element-fb116ee elementor-widget elementor-widget-spacer\" data-id=\"fb116ee\" data-element_type=\"widget\" data-e-type=\"widget\" data-widget_type=\"spacer.default\">\n\t\t\t\t<div class=\"elementor-widget-container\">\n\t\t\t\t\t\t\t<div class=\"elementor-spacer\">\n\t\t\t<div class=\"elementor-spacer-inner\"><\/div>\n\t\t<\/div>\n\t\t\t\t\t\t<\/div>\n\t\t\t\t<\/div>\n\t\t\t\t<div class=\"elementor-element elementor-element-f56f60b elementor-widget elementor-widget-heading\" data-id=\"f56f60b\" data-element_type=\"widget\" data-e-type=\"widget\" data-widget_type=\"heading.default\">\n\t\t\t\t<div class=\"elementor-widget-container\">\n\t\t\t\t\t<h4 class=\"elementor-heading-title elementor-size-default\">Connaitre son bassin d'emploi<\/h4>\t\t\t\t<\/div>\n\t\t\t\t<\/div>\n\t\t\t\t<div class=\"elementor-element elementor-element-1cac825 elementor-widget elementor-widget-spacer\" data-id=\"1cac825\" data-element_type=\"widget\" data-e-type=\"widget\" data-widget_type=\"spacer.default\">\n\t\t\t\t<div class=\"elementor-widget-container\">\n\t\t\t\t\t\t\t<div class=\"elementor-spacer\">\n\t\t\t<div class=\"elementor-spacer-inner\"><\/div>\n\t\t<\/div>\n\t\t\t\t\t\t<\/div>\n\t\t\t\t<\/div>\n\t\t\t\t<div class=\"elementor-element elementor-element-0dd4996 elementor-widget elementor-widget-text-editor\" data-id=\"0dd4996\" data-element_type=\"widget\" data-e-type=\"widget\" data-widget_type=\"text-editor.default\">\n\t\t\t\t<div class=\"elementor-widget-container\">\n\t\t\t\t\t\t\t\t\t<p>Apprendre \u00e0 rep\u00e9rer les entreprises susceptibles de correspondre \u00e0 votre profil, r\u00e9fl\u00e9chir et donner des id\u00e9es.<\/p>\t\t\t\t\t\t\t\t<\/div>\n\t\t\t\t<\/div>\n\t\t\t\t\t<\/div>\n\t\t<\/div>\n\t\t\t\t<div class=\"elementor-column elementor-col-33 elementor-inner-column elementor-element elementor-element-1d59f41\" data-id=\"1d59f41\" data-element_type=\"column\" data-e-type=\"column\">\n\t\t\t<div class=\"elementor-widget-wrap elementor-element-populated\">\n\t\t\t\t\t\t<div class=\"elementor-element elementor-element-3e83dd7 elementor-widget elementor-widget-image\" data-id=\"3e83dd7\" data-element_type=\"widget\" data-e-type=\"widget\" data-widget_type=\"image.default\">\n\t\t\t\t<div class=\"elementor-widget-container\">\n\t\t\t\t\t\t\t\t\t\t\t\t\t\t\t<img decoding=\"async\" width=\"1024\" height=\"683\" src=\"https:\/\/enviplus.fr\/wp-content\/uploads\/2023\/04\/gros-plan-du-demandeur-emploi-donnant-son-cv-lors-entretien-embauche-au-bureau-1024x683.jpg\" class=\"attachment-large size-large wp-image-7032\" alt=\"\" srcset=\"https:\/\/enviplus.fr\/wp-content\/uploads\/2023\/04\/gros-plan-du-demandeur-emploi-donnant-son-cv-lors-entretien-embauche-au-bureau-1024x683.jpg 1024w, https:\/\/enviplus.fr\/wp-content\/uploads\/2023\/04\/gros-plan-du-demandeur-emploi-donnant-son-cv-lors-entretien-embauche-au-bureau-300x200.jpg 300w, https:\/\/enviplus.fr\/wp-content\/uploads\/2023\/04\/gros-plan-du-demandeur-emploi-donnant-son-cv-lors-entretien-embauche-au-bureau-768x512.jpg 768w, https:\/\/enviplus.fr\/wp-content\/uploads\/2023\/04\/gros-plan-du-demandeur-emploi-donnant-son-cv-lors-entretien-embauche-au-bureau-1536x1024.jpg 1536w, https:\/\/enviplus.fr\/wp-content\/uploads\/2023\/04\/gros-plan-du-demandeur-emploi-donnant-son-cv-lors-entretien-embauche-au-bureau-2048x1365.jpg 2048w\" sizes=\"(max-width: 1024px) 100vw, 1024px\" \/>\t\t\t\t\t\t\t\t\t\t\t\t\t\t\t<\/div>\n\t\t\t\t<\/div>\n\t\t\t\t<div class=\"elementor-element elementor-element-29e376f elementor-widget elementor-widget-spacer\" data-id=\"29e376f\" data-element_type=\"widget\" data-e-type=\"widget\" data-widget_type=\"spacer.default\">\n\t\t\t\t<div class=\"elementor-widget-container\">\n\t\t\t\t\t\t\t<div class=\"elementor-spacer\">\n\t\t\t<div class=\"elementor-spacer-inner\"><\/div>\n\t\t<\/div>\n\t\t\t\t\t\t<\/div>\n\t\t\t\t<\/div>\n\t\t\t\t<div class=\"elementor-element elementor-element-182715d elementor-widget elementor-widget-heading\" data-id=\"182715d\" data-element_type=\"widget\" data-e-type=\"widget\" data-widget_type=\"heading.default\">\n\t\t\t\t<div class=\"elementor-widget-container\">\n\t\t\t\t\t<h4 class=\"elementor-heading-title elementor-size-default\">Profil P\u00f4le Emploi<\/h4>\t\t\t\t<\/div>\n\t\t\t\t<\/div>\n\t\t\t\t<div class=\"elementor-element elementor-element-b0fc28f elementor-widget elementor-widget-spacer\" data-id=\"b0fc28f\" data-element_type=\"widget\" data-e-type=\"widget\" data-widget_type=\"spacer.default\">\n\t\t\t\t<div class=\"elementor-widget-container\">\n\t\t\t\t\t\t\t<div class=\"elementor-spacer\">\n\t\t\t<div class=\"elementor-spacer-inner\"><\/div>\n\t\t<\/div>\n\t\t\t\t\t\t<\/div>\n\t\t\t\t<\/div>\n\t\t\t\t<div class=\"elementor-element elementor-element-75577e4 elementor-widget elementor-widget-text-editor\" data-id=\"75577e4\" data-element_type=\"widget\" data-e-type=\"widget\" data-widget_type=\"text-editor.default\">\n\t\t\t\t<div class=\"elementor-widget-container\">\n\t\t\t\t\t\t\t\t\t<p>Apprendre \u00e0 bien optimiser son profil candidat sur le site de P\u00f4le Emploi, le mettre \u00e0 jour en renseignant les comp\u00e9tences et les diff\u00e9rentes \u00e9tapes pour g\u00e9n\u00e9rer un CV \u00e0 jour. Le but ici est de rendre le profil attrayant et visible pour les recruteurs.<\/p>\t\t\t\t\t\t\t\t<\/div>\n\t\t\t\t<\/div>\n\t\t\t\t\t<\/div>\n\t\t<\/div>\n\t\t\t\t<div class=\"elementor-column elementor-col-33 elementor-inner-column elementor-element elementor-element-d2a1893\" data-id=\"d2a1893\" data-element_type=\"column\" data-e-type=\"column\">\n\t\t\t<div class=\"elementor-widget-wrap elementor-element-populated\">\n\t\t\t\t\t\t<div class=\"elementor-element elementor-element-e75106a elementor-widget elementor-widget-image\" data-id=\"e75106a\" data-element_type=\"widget\" data-e-type=\"widget\" data-widget_type=\"image.default\">\n\t\t\t\t<div class=\"elementor-widget-container\">\n\t\t\t\t\t\t\t\t\t\t\t\t\t\t\t<img loading=\"lazy\" decoding=\"async\" width=\"1024\" height=\"683\" src=\"https:\/\/enviplus.fr\/wp-content\/uploads\/2023\/04\/travailler-rapport-financier-1024x683.jpg\" class=\"attachment-large size-large wp-image-7038\" alt=\"\" srcset=\"https:\/\/enviplus.fr\/wp-content\/uploads\/2023\/04\/travailler-rapport-financier-1024x683.jpg 1024w, https:\/\/enviplus.fr\/wp-content\/uploads\/2023\/04\/travailler-rapport-financier-300x200.jpg 300w, https:\/\/enviplus.fr\/wp-content\/uploads\/2023\/04\/travailler-rapport-financier-768x513.jpg 768w, https:\/\/enviplus.fr\/wp-content\/uploads\/2023\/04\/travailler-rapport-financier-1536x1025.jpg 1536w, https:\/\/enviplus.fr\/wp-content\/uploads\/2023\/04\/travailler-rapport-financier-2048x1367.jpg 2048w\" sizes=\"(max-width: 1024px) 100vw, 1024px\" \/>\t\t\t\t\t\t\t\t\t\t\t\t\t\t\t<\/div>\n\t\t\t\t<\/div>\n\t\t\t\t<div class=\"elementor-element elementor-element-de17ae0 elementor-widget elementor-widget-spacer\" data-id=\"de17ae0\" data-element_type=\"widget\" data-e-type=\"widget\" data-widget_type=\"spacer.default\">\n\t\t\t\t<div class=\"elementor-widget-container\">\n\t\t\t\t\t\t\t<div class=\"elementor-spacer\">\n\t\t\t<div class=\"elementor-spacer-inner\"><\/div>\n\t\t<\/div>\n\t\t\t\t\t\t<\/div>\n\t\t\t\t<\/div>\n\t\t\t\t<div class=\"elementor-element elementor-element-8eff607 elementor-widget elementor-widget-heading\" data-id=\"8eff607\" data-element_type=\"widget\" data-e-type=\"widget\" data-widget_type=\"heading.default\">\n\t\t\t\t<div class=\"elementor-widget-container\">\n\t\t\t\t\t<h4 class=\"elementor-heading-title elementor-size-default\">Bonne attitude<\/h4>\t\t\t\t<\/div>\n\t\t\t\t<\/div>\n\t\t\t\t<div class=\"elementor-element elementor-element-3339675 elementor-widget elementor-widget-spacer\" data-id=\"3339675\" data-element_type=\"widget\" data-e-type=\"widget\" data-widget_type=\"spacer.default\">\n\t\t\t\t<div class=\"elementor-widget-container\">\n\t\t\t\t\t\t\t<div class=\"elementor-spacer\">\n\t\t\t<div class=\"elementor-spacer-inner\"><\/div>\n\t\t<\/div>\n\t\t\t\t\t\t<\/div>\n\t\t\t\t<\/div>\n\t\t\t\t<div class=\"elementor-element elementor-element-5093c85 elementor-widget elementor-widget-text-editor\" data-id=\"5093c85\" data-element_type=\"widget\" data-e-type=\"widget\" data-widget_type=\"text-editor.default\">\n\t\t\t\t<div class=\"elementor-widget-container\">\n\t\t\t\t\t\t\t\t\t<p>Jeu de r\u00f4le qui consiste \u00e0 avoir chacun le r\u00f4le de l&#8217;employeur et du candidat. Sert \u00e0 d\u00e9tecter des comportements \u00e0 exclure lors d&rsquo;un entretien. L&rsquo;objectif ici est de d\u00e9velopper une aisance professionnelle face \u00e0 un recruteur.<\/p>\t\t\t\t\t\t\t\t<\/div>\n\t\t\t\t<\/div>\n\t\t\t\t\t<\/div>\n\t\t<\/div>\n\t\t\t\t\t<\/div>\n\t\t<\/section>\n\t\t\t\t<div class=\"elementor-element elementor-element-7e05a14 elementor-widget-divider--view-line elementor-widget elementor-widget-divider\" data-id=\"7e05a14\" data-element_type=\"widget\" data-e-type=\"widget\" data-widget_type=\"divider.default\">\n\t\t\t\t<div class=\"elementor-widget-container\">\n\t\t\t\t\t\t\t<div class=\"elementor-divider\">\n\t\t\t<span class=\"elementor-divider-separator\">\n\t\t\t\t\t\t<\/span>\n\t\t<\/div>\n\t\t\t\t\t\t<\/div>\n\t\t\t\t<\/div>\n\t\t\t\t<div class=\"elementor-element elementor-element-418d23c elementor-widget elementor-widget-text-editor\" data-id=\"418d23c\" data-element_type=\"widget\" data-e-type=\"widget\" data-widget_type=\"text-editor.default\">\n\t\t\t\t<div class=\"elementor-widget-container\">\n\t\t\t\t\t\t\t\t\t<p>Notre structure est en lien \u00e9troit avec\u00a0<a href=\"https:\/\/www.pole-emploi.fr\/accueil\/\" target=\"_blank\" rel=\"noopener\">P\u00f4le Emplo<\/a>i, ce qui permet d&rsquo;avoir acc\u00e8s \u00e0 diff\u00e9rentes informations comme les offres et les besoins des employeurs, conna\u00eetre l&rsquo;\u00e9volution du march\u00e9 du travail et de faire <b>un suivi r\u00e9gulier du candidat.<\/b><\/p><p>Notre mission est accomplie lorsque <b>nos salari\u00e9s acc\u00e8dent \u00e0 un emploi hors de la structure<\/b> de 4 \u00e0 6 mois minimum ou d\u00e9marrent <b>un parcours de formation qualifiante<\/b>.<\/p>\t\t\t\t\t\t\t\t<\/div>\n\t\t\t\t<\/div>\n\t\t\t\t<div class=\"elementor-element elementor-element-ff874fb elementor-widget elementor-widget-spacer\" data-id=\"ff874fb\" data-element_type=\"widget\" data-e-type=\"widget\" data-widget_type=\"spacer.default\">\n\t\t\t\t<div class=\"elementor-widget-container\">\n\t\t\t\t\t\t\t<div class=\"elementor-spacer\">\n\t\t\t<div class=\"elementor-spacer-inner\"><\/div>\n\t\t<\/div>\n\t\t\t\t\t\t<\/div>\n\t\t\t\t<\/div>\n\t\t\t\t<div class=\"elementor-element elementor-element-564930f elementor-widget elementor-widget-heading\" data-id=\"564930f\" data-element_type=\"widget\" data-e-type=\"widget\" data-widget_type=\"heading.default\">\n\t\t\t\t<div class=\"elementor-widget-container\">\n\t\t\t\t\t<h2 class=\"elementor-heading-title elementor-size-default\"><h3 style=\"font-style: normal;font-family: Rajdhani, Helvetica, Arial, Verdana, sans-serif;text-transform: none;letter-spacing: normal;text-align: center;white-space: normal\">Contactez nous pour plus d'infos et n'h\u00e9sitez pas \u00e0 partager cet article s'il vous a plu !<\/h3><\/h2>\t\t\t\t<\/div>\n\t\t\t\t<\/div>\n\t\t\t\t\t<\/div>\n\t\t<\/div>\n\t\t\t\t\t<\/div>\n\t\t<\/section>\n\t\t\t\t<\/div>\n\t\t","protected":false},"excerpt":{"rendered":"<p>Envi+ est une&nbsp;structure d\u2019insertion par l\u2019activit\u00e9 \u00e9conomique (SIAE), nous sommes une organisation \u00e0 but non lucratif qui offre des emplois temporaires et des formations professionnelles \u00e0 des personnes qui ont des difficult\u00e9s \u00e0 trouver un emploi durable sur le march\u00e9 du travail. Nous avons pour objectif d\u2019accompagner et d&rsquo;aider les personnes en situation de pr\u00e9carit\u00e9&hellip;<\/p>\n","protected":false},"author":2,"featured_media":7034,"comment_status":"open","ping_status":"open","sticky":false,"template":"","format":"standard","meta":{"footnotes":""},"categories":[1],"tags":[],"class_list":["post-7028","post","type-post","status-publish","format-standard","has-post-thumbnail","hentry","category-non-classe"],"yoast_head":"<!-- This site is optimized with the Yoast SEO plugin v27.5 - https:\/\/yoast.com\/product\/yoast-seo-wordpress\/ -->\n<title>L&#039;accompagnement au sein d&#039;EnviPlus - Enviplus<\/title>\n<meta name=\"robots\" content=\"index, follow, max-snippet:-1, max-image-preview:large, max-video-preview:-1\" \/>\n<link rel=\"canonical\" href=\"https:\/\/enviplus.fr\/index.php\/2023\/04\/21\/accompagnement-enviplus\/\" \/>\n<meta property=\"og:locale\" content=\"fr_FR\" \/>\n<meta property=\"og:type\" content=\"article\" \/>\n<meta property=\"og:title\" content=\"L&#039;accompagnement au sein d&#039;EnviPlus - Enviplus\" \/>\n<meta property=\"og:description\" content=\"Envi+ est une&nbsp;structure d\u2019insertion par l\u2019activit\u00e9 \u00e9conomique (SIAE), nous sommes une organisation \u00e0 but non lucratif qui offre des emplois temporaires et des formations professionnelles \u00e0 des personnes qui ont des difficult\u00e9s \u00e0 trouver un emploi durable sur le march\u00e9 du travail. Nous avons pour objectif d\u2019accompagner et d&rsquo;aider les personnes en situation de pr\u00e9carit\u00e9&hellip;\" \/>\n<meta property=\"og:url\" content=\"https:\/\/enviplus.fr\/index.php\/2023\/04\/21\/accompagnement-enviplus\/\" \/>\n<meta property=\"og:site_name\" content=\"Enviplus\" \/>\n<meta property=\"article:publisher\" content=\"https:\/\/www.facebook.com\/enviplus47\" \/>\n<meta property=\"article:published_time\" content=\"2023-04-21T11:39:57+00:00\" \/>\n<meta property=\"article:modified_time\" content=\"2023-04-21T11:51:13+00:00\" \/>\n<meta property=\"og:image\" content=\"https:\/\/enviplus.fr\/wp-content\/uploads\/2023\/04\/enviplus17.png\" \/>\n\t<meta property=\"og:image:width\" content=\"900\" \/>\n\t<meta property=\"og:image:height\" content=\"600\" \/>\n\t<meta property=\"og:image:type\" content=\"image\/png\" \/>\n<meta name=\"author\" content=\"elieconseiletcom\" \/>\n<meta name=\"twitter:card\" content=\"summary_large_image\" \/>\n<meta name=\"twitter:label1\" content=\"\u00c9crit par\" \/>\n\t<meta name=\"twitter:data1\" content=\"elieconseiletcom\" \/>\n\t<meta name=\"twitter:label2\" content=\"Dur\u00e9e de lecture estim\u00e9e\" \/>\n\t<meta name=\"twitter:data2\" content=\"5 minutes\" \/>\n<script type=\"application\/ld+json\" class=\"yoast-schema-graph\">{\"@context\":\"https:\\\/\\\/schema.org\",\"@graph\":[{\"@type\":\"Article\",\"@id\":\"https:\\\/\\\/enviplus.fr\\\/index.php\\\/2023\\\/04\\\/21\\\/accompagnement-enviplus\\\/#article\",\"isPartOf\":{\"@id\":\"https:\\\/\\\/enviplus.fr\\\/index.php\\\/2023\\\/04\\\/21\\\/accompagnement-enviplus\\\/\"},\"author\":{\"name\":\"elieconseiletcom\",\"@id\":\"https:\\\/\\\/enviplus.fr\\\/#\\\/schema\\\/person\\\/f48cd7bea3ed9fbbdc362781c325c1bd\"},\"headline\":\"L&rsquo;accompagnement au sein d&rsquo;EnviPlus\",\"datePublished\":\"2023-04-21T11:39:57+00:00\",\"dateModified\":\"2023-04-21T11:51:13+00:00\",\"mainEntityOfPage\":{\"@id\":\"https:\\\/\\\/enviplus.fr\\\/index.php\\\/2023\\\/04\\\/21\\\/accompagnement-enviplus\\\/\"},\"wordCount\":713,\"commentCount\":0,\"publisher\":{\"@id\":\"https:\\\/\\\/enviplus.fr\\\/#organization\"},\"image\":{\"@id\":\"https:\\\/\\\/enviplus.fr\\\/index.php\\\/2023\\\/04\\\/21\\\/accompagnement-enviplus\\\/#primaryimage\"},\"thumbnailUrl\":\"https:\\\/\\\/enviplus.fr\\\/wp-content\\\/uploads\\\/2023\\\/04\\\/enviplus17.png\",\"inLanguage\":\"fr-FR\",\"potentialAction\":[{\"@type\":\"CommentAction\",\"name\":\"Comment\",\"target\":[\"https:\\\/\\\/enviplus.fr\\\/index.php\\\/2023\\\/04\\\/21\\\/accompagnement-enviplus\\\/#respond\"]}]},{\"@type\":\"WebPage\",\"@id\":\"https:\\\/\\\/enviplus.fr\\\/index.php\\\/2023\\\/04\\\/21\\\/accompagnement-enviplus\\\/\",\"url\":\"https:\\\/\\\/enviplus.fr\\\/index.php\\\/2023\\\/04\\\/21\\\/accompagnement-enviplus\\\/\",\"name\":\"L'accompagnement au sein d'EnviPlus - Enviplus\",\"isPartOf\":{\"@id\":\"https:\\\/\\\/enviplus.fr\\\/#website\"},\"primaryImageOfPage\":{\"@id\":\"https:\\\/\\\/enviplus.fr\\\/index.php\\\/2023\\\/04\\\/21\\\/accompagnement-enviplus\\\/#primaryimage\"},\"image\":{\"@id\":\"https:\\\/\\\/enviplus.fr\\\/index.php\\\/2023\\\/04\\\/21\\\/accompagnement-enviplus\\\/#primaryimage\"},\"thumbnailUrl\":\"https:\\\/\\\/enviplus.fr\\\/wp-content\\\/uploads\\\/2023\\\/04\\\/enviplus17.png\",\"datePublished\":\"2023-04-21T11:39:57+00:00\",\"dateModified\":\"2023-04-21T11:51:13+00:00\",\"breadcrumb\":{\"@id\":\"https:\\\/\\\/enviplus.fr\\\/index.php\\\/2023\\\/04\\\/21\\\/accompagnement-enviplus\\\/#breadcrumb\"},\"inLanguage\":\"fr-FR\",\"potentialAction\":[{\"@type\":\"ReadAction\",\"target\":[\"https:\\\/\\\/enviplus.fr\\\/index.php\\\/2023\\\/04\\\/21\\\/accompagnement-enviplus\\\/\"]}]},{\"@type\":\"ImageObject\",\"inLanguage\":\"fr-FR\",\"@id\":\"https:\\\/\\\/enviplus.fr\\\/index.php\\\/2023\\\/04\\\/21\\\/accompagnement-enviplus\\\/#primaryimage\",\"url\":\"https:\\\/\\\/enviplus.fr\\\/wp-content\\\/uploads\\\/2023\\\/04\\\/enviplus17.png\",\"contentUrl\":\"https:\\\/\\\/enviplus.fr\\\/wp-content\\\/uploads\\\/2023\\\/04\\\/enviplus17.png\",\"width\":900,\"height\":600},{\"@type\":\"BreadcrumbList\",\"@id\":\"https:\\\/\\\/enviplus.fr\\\/index.php\\\/2023\\\/04\\\/21\\\/accompagnement-enviplus\\\/#breadcrumb\",\"itemListElement\":[{\"@type\":\"ListItem\",\"position\":1,\"name\":\"Home\",\"item\":\"https:\\\/\\\/enviplus.fr\\\/\"},{\"@type\":\"ListItem\",\"position\":2,\"name\":\"L&#8217;accompagnement au sein d&#8217;EnviPlus\"}]},{\"@type\":\"WebSite\",\"@id\":\"https:\\\/\\\/enviplus.fr\\\/#website\",\"url\":\"https:\\\/\\\/enviplus.fr\\\/\",\"name\":\"Enviplus\",\"description\":\"Tremplin humain\",\"publisher\":{\"@id\":\"https:\\\/\\\/enviplus.fr\\\/#organization\"},\"potentialAction\":[{\"@type\":\"SearchAction\",\"target\":{\"@type\":\"EntryPoint\",\"urlTemplate\":\"https:\\\/\\\/enviplus.fr\\\/?s={search_term_string}\"},\"query-input\":{\"@type\":\"PropertyValueSpecification\",\"valueRequired\":true,\"valueName\":\"search_term_string\"}}],\"inLanguage\":\"fr-FR\"},{\"@type\":\"Organization\",\"@id\":\"https:\\\/\\\/enviplus.fr\\\/#organization\",\"name\":\"Enviplus\",\"url\":\"https:\\\/\\\/enviplus.fr\\\/\",\"logo\":{\"@type\":\"ImageObject\",\"inLanguage\":\"fr-FR\",\"@id\":\"https:\\\/\\\/enviplus.fr\\\/#\\\/schema\\\/logo\\\/image\\\/\",\"url\":\"https:\\\/\\\/enviplus.fr\\\/wp-content\\\/uploads\\\/2021\\\/11\\\/enviplus32x32HD.png\",\"contentUrl\":\"https:\\\/\\\/enviplus.fr\\\/wp-content\\\/uploads\\\/2021\\\/11\\\/enviplus32x32HD.png\",\"width\":130,\"height\":99,\"caption\":\"Enviplus\"},\"image\":{\"@id\":\"https:\\\/\\\/enviplus.fr\\\/#\\\/schema\\\/logo\\\/image\\\/\"},\"sameAs\":[\"https:\\\/\\\/www.facebook.com\\\/enviplus47\"]},{\"@type\":\"Person\",\"@id\":\"https:\\\/\\\/enviplus.fr\\\/#\\\/schema\\\/person\\\/f48cd7bea3ed9fbbdc362781c325c1bd\",\"name\":\"elieconseiletcom\",\"image\":{\"@type\":\"ImageObject\",\"inLanguage\":\"fr-FR\",\"@id\":\"https:\\\/\\\/secure.gravatar.com\\\/avatar\\\/ef2fd0f377dcc868c691d32f4b8c9f7e05007e0d42af427435bd86e0b020b5e2?s=96&d=mm&r=g\",\"url\":\"https:\\\/\\\/secure.gravatar.com\\\/avatar\\\/ef2fd0f377dcc868c691d32f4b8c9f7e05007e0d42af427435bd86e0b020b5e2?s=96&d=mm&r=g\",\"contentUrl\":\"https:\\\/\\\/secure.gravatar.com\\\/avatar\\\/ef2fd0f377dcc868c691d32f4b8c9f7e05007e0d42af427435bd86e0b020b5e2?s=96&d=mm&r=g\",\"caption\":\"elieconseiletcom\"},\"url\":\"https:\\\/\\\/enviplus.fr\\\/index.php\\\/author\\\/elieconseiletcom\\\/\"}]}<\/script>\n<!-- \/ Yoast SEO plugin. -->","yoast_head_json":{"title":"L'accompagnement au sein d'EnviPlus - Enviplus","robots":{"index":"index","follow":"follow","max-snippet":"max-snippet:-1","max-image-preview":"max-image-preview:large","max-video-preview":"max-video-preview:-1"},"canonical":"https:\/\/enviplus.fr\/index.php\/2023\/04\/21\/accompagnement-enviplus\/","og_locale":"fr_FR","og_type":"article","og_title":"L'accompagnement au sein d'EnviPlus - Enviplus","og_description":"Envi+ est une&nbsp;structure d\u2019insertion par l\u2019activit\u00e9 \u00e9conomique (SIAE), nous sommes une organisation \u00e0 but non lucratif qui offre des emplois temporaires et des formations professionnelles \u00e0 des personnes qui ont des difficult\u00e9s \u00e0 trouver un emploi durable sur le march\u00e9 du travail. Nous avons pour objectif d\u2019accompagner et d&rsquo;aider les personnes en situation de pr\u00e9carit\u00e9&hellip;","og_url":"https:\/\/enviplus.fr\/index.php\/2023\/04\/21\/accompagnement-enviplus\/","og_site_name":"Enviplus","article_publisher":"https:\/\/www.facebook.com\/enviplus47","article_published_time":"2023-04-21T11:39:57+00:00","article_modified_time":"2023-04-21T11:51:13+00:00","og_image":[{"width":900,"height":600,"url":"https:\/\/enviplus.fr\/wp-content\/uploads\/2023\/04\/enviplus17.png","type":"image\/png"}],"author":"elieconseiletcom","twitter_card":"summary_large_image","twitter_misc":{"\u00c9crit par":"elieconseiletcom","Dur\u00e9e de lecture estim\u00e9e":"5 minutes"},"schema":{"@context":"https:\/\/schema.org","@graph":[{"@type":"Article","@id":"https:\/\/enviplus.fr\/index.php\/2023\/04\/21\/accompagnement-enviplus\/#article","isPartOf":{"@id":"https:\/\/enviplus.fr\/index.php\/2023\/04\/21\/accompagnement-enviplus\/"},"author":{"name":"elieconseiletcom","@id":"https:\/\/enviplus.fr\/#\/schema\/person\/f48cd7bea3ed9fbbdc362781c325c1bd"},"headline":"L&rsquo;accompagnement au sein d&rsquo;EnviPlus","datePublished":"2023-04-21T11:39:57+00:00","dateModified":"2023-04-21T11:51:13+00:00","mainEntityOfPage":{"@id":"https:\/\/enviplus.fr\/index.php\/2023\/04\/21\/accompagnement-enviplus\/"},"wordCount":713,"commentCount":0,"publisher":{"@id":"https:\/\/enviplus.fr\/#organization"},"image":{"@id":"https:\/\/enviplus.fr\/index.php\/2023\/04\/21\/accompagnement-enviplus\/#primaryimage"},"thumbnailUrl":"https:\/\/enviplus.fr\/wp-content\/uploads\/2023\/04\/enviplus17.png","inLanguage":"fr-FR","potentialAction":[{"@type":"CommentAction","name":"Comment","target":["https:\/\/enviplus.fr\/index.php\/2023\/04\/21\/accompagnement-enviplus\/#respond"]}]},{"@type":"WebPage","@id":"https:\/\/enviplus.fr\/index.php\/2023\/04\/21\/accompagnement-enviplus\/","url":"https:\/\/enviplus.fr\/index.php\/2023\/04\/21\/accompagnement-enviplus\/","name":"L'accompagnement au sein d'EnviPlus - Enviplus","isPartOf":{"@id":"https:\/\/enviplus.fr\/#website"},"primaryImageOfPage":{"@id":"https:\/\/enviplus.fr\/index.php\/2023\/04\/21\/accompagnement-enviplus\/#primaryimage"},"image":{"@id":"https:\/\/enviplus.fr\/index.php\/2023\/04\/21\/accompagnement-enviplus\/#primaryimage"},"thumbnailUrl":"https:\/\/enviplus.fr\/wp-content\/uploads\/2023\/04\/enviplus17.png","datePublished":"2023-04-21T11:39:57+00:00","dateModified":"2023-04-21T11:51:13+00:00","breadcrumb":{"@id":"https:\/\/enviplus.fr\/index.php\/2023\/04\/21\/accompagnement-enviplus\/#breadcrumb"},"inLanguage":"fr-FR","potentialAction":[{"@type":"ReadAction","target":["https:\/\/enviplus.fr\/index.php\/2023\/04\/21\/accompagnement-enviplus\/"]}]},{"@type":"ImageObject","inLanguage":"fr-FR","@id":"https:\/\/enviplus.fr\/index.php\/2023\/04\/21\/accompagnement-enviplus\/#primaryimage","url":"https:\/\/enviplus.fr\/wp-content\/uploads\/2023\/04\/enviplus17.png","contentUrl":"https:\/\/enviplus.fr\/wp-content\/uploads\/2023\/04\/enviplus17.png","width":900,"height":600},{"@type":"BreadcrumbList","@id":"https:\/\/enviplus.fr\/index.php\/2023\/04\/21\/accompagnement-enviplus\/#breadcrumb","itemListElement":[{"@type":"ListItem","position":1,"name":"Home","item":"https:\/\/enviplus.fr\/"},{"@type":"ListItem","position":2,"name":"L&#8217;accompagnement au sein d&#8217;EnviPlus"}]},{"@type":"WebSite","@id":"https:\/\/enviplus.fr\/#website","url":"https:\/\/enviplus.fr\/","name":"Enviplus","description":"Tremplin humain","publisher":{"@id":"https:\/\/enviplus.fr\/#organization"},"potentialAction":[{"@type":"SearchAction","target":{"@type":"EntryPoint","urlTemplate":"https:\/\/enviplus.fr\/?s={search_term_string}"},"query-input":{"@type":"PropertyValueSpecification","valueRequired":true,"valueName":"search_term_string"}}],"inLanguage":"fr-FR"},{"@type":"Organization","@id":"https:\/\/enviplus.fr\/#organization","name":"Enviplus","url":"https:\/\/enviplus.fr\/","logo":{"@type":"ImageObject","inLanguage":"fr-FR","@id":"https:\/\/enviplus.fr\/#\/schema\/logo\/image\/","url":"https:\/\/enviplus.fr\/wp-content\/uploads\/2021\/11\/enviplus32x32HD.png","contentUrl":"https:\/\/enviplus.fr\/wp-content\/uploads\/2021\/11\/enviplus32x32HD.png","width":130,"height":99,"caption":"Enviplus"},"image":{"@id":"https:\/\/enviplus.fr\/#\/schema\/logo\/image\/"},"sameAs":["https:\/\/www.facebook.com\/enviplus47"]},{"@type":"Person","@id":"https:\/\/enviplus.fr\/#\/schema\/person\/f48cd7bea3ed9fbbdc362781c325c1bd","name":"elieconseiletcom","image":{"@type":"ImageObject","inLanguage":"fr-FR","@id":"https:\/\/secure.gravatar.com\/avatar\/ef2fd0f377dcc868c691d32f4b8c9f7e05007e0d42af427435bd86e0b020b5e2?s=96&d=mm&r=g","url":"https:\/\/secure.gravatar.com\/avatar\/ef2fd0f377dcc868c691d32f4b8c9f7e05007e0d42af427435bd86e0b020b5e2?s=96&d=mm&r=g","contentUrl":"https:\/\/secure.gravatar.com\/avatar\/ef2fd0f377dcc868c691d32f4b8c9f7e05007e0d42af427435bd86e0b020b5e2?s=96&d=mm&r=g","caption":"elieconseiletcom"},"url":"https:\/\/enviplus.fr\/index.php\/author\/elieconseiletcom\/"}]}},"_links":{"self":[{"href":"https:\/\/enviplus.fr\/index.php\/wp-json\/wp\/v2\/posts\/7028","targetHints":{"allow":["GET"]}}],"collection":[{"href":"https:\/\/enviplus.fr\/index.php\/wp-json\/wp\/v2\/posts"}],"about":[{"href":"https:\/\/enviplus.fr\/index.php\/wp-json\/wp\/v2\/types\/post"}],"author":[{"embeddable":true,"href":"https:\/\/enviplus.fr\/index.php\/wp-json\/wp\/v2\/users\/2"}],"replies":[{"embeddable":true,"href":"https:\/\/enviplus.fr\/index.php\/wp-json\/wp\/v2\/comments?post=7028"}],"version-history":[{"count":6,"href":"https:\/\/enviplus.fr\/index.php\/wp-json\/wp\/v2\/posts\/7028\/revisions"}],"predecessor-version":[{"id":7043,"href":"https:\/\/enviplus.fr\/index.php\/wp-json\/wp\/v2\/posts\/7028\/revisions\/7043"}],"wp:featuredmedia":[{"embeddable":true,"href":"https:\/\/enviplus.fr\/index.php\/wp-json\/wp\/v2\/media\/7034"}],"wp:attachment":[{"href":"https:\/\/enviplus.fr\/index.php\/wp-json\/wp\/v2\/media?parent=7028"}],"wp:term":[{"taxonomy":"category","embeddable":true,"href":"https:\/\/enviplus.fr\/index.php\/wp-json\/wp\/v2\/categories?post=7028"},{"taxonomy":"post_tag","embeddable":true,"href":"https:\/\/enviplus.fr\/index.php\/wp-json\/wp\/v2\/tags?post=7028"}],"curies":[{"name":"wp","href":"https:\/\/api.w.org\/{rel}","templated":true}]}}