{"id":7066,"date":"2023-06-29T19:07:08","date_gmt":"2023-06-29T17:07:08","guid":{"rendered":"https:\/\/enviplus.fr\/?p=7066"},"modified":"2023-07-05T15:06:49","modified_gmt":"2023-07-05T13:06:49","slug":"entretien-chemins-randonnees-voie-verte","status":"publish","type":"post","link":"https:\/\/enviplus.fr\/index.php\/2023\/06\/29\/entretien-chemins-randonnees-voie-verte\/","title":{"rendered":"L&rsquo;entretien de chemins de randonn\u00e9es et de la Voie Verte dans le Lot-et-Garonne"},"content":{"rendered":"\t\t<div data-elementor-type=\"wp-post\" data-elementor-id=\"7066\" class=\"elementor elementor-7066\" data-elementor-post-type=\"post\">\n\t\t\t\t\t\t<section class=\"elementor-section elementor-top-section elementor-element elementor-element-4d63198 elementor-section-boxed elementor-section-height-default elementor-section-height-default\" data-id=\"4d63198\" data-element_type=\"section\" data-e-type=\"section\">\n\t\t\t\t\t\t<div class=\"elementor-container elementor-column-gap-default\">\n\t\t\t\t\t<div class=\"elementor-column elementor-col-100 elementor-top-column elementor-element elementor-element-0e5a318\" data-id=\"0e5a318\" data-element_type=\"column\" data-e-type=\"column\">\n\t\t\t<div class=\"elementor-widget-wrap elementor-element-populated\">\n\t\t\t\t\t\t<div class=\"elementor-element elementor-element-93ea88f elementor-widget elementor-widget-spacer\" data-id=\"93ea88f\" data-element_type=\"widget\" data-e-type=\"widget\" data-widget_type=\"spacer.default\">\n\t\t\t\t<div class=\"elementor-widget-container\">\n\t\t\t\t\t\t\t<div class=\"elementor-spacer\">\n\t\t\t<div class=\"elementor-spacer-inner\"><\/div>\n\t\t<\/div>\n\t\t\t\t\t\t<\/div>\n\t\t\t\t<\/div>\n\t\t\t\t<div class=\"elementor-element elementor-element-eca172e elementor-widget elementor-widget-heading\" data-id=\"eca172e\" data-element_type=\"widget\" data-e-type=\"widget\" data-widget_type=\"heading.default\">\n\t\t\t\t<div class=\"elementor-widget-container\">\n\t\t\t\t\t<h2 class=\"elementor-heading-title elementor-size-default\">EnviPlus entretient 7 chemins de randonn\u00e9es dans le Lot-et-Garonne et la Voie Verte entre Marmande et Casteljaloux<\/h2>\t\t\t\t<\/div>\n\t\t\t\t<\/div>\n\t\t\t\t<div class=\"elementor-element elementor-element-f0e48f1 elementor-widget elementor-widget-spacer\" data-id=\"f0e48f1\" data-element_type=\"widget\" data-e-type=\"widget\" data-widget_type=\"spacer.default\">\n\t\t\t\t<div class=\"elementor-widget-container\">\n\t\t\t\t\t\t\t<div class=\"elementor-spacer\">\n\t\t\t<div class=\"elementor-spacer-inner\"><\/div>\n\t\t<\/div>\n\t\t\t\t\t\t<\/div>\n\t\t\t\t<\/div>\n\t\t\t\t<div class=\"elementor-element elementor-element-9243d51 elementor-widget elementor-widget-text-editor\" data-id=\"9243d51\" data-element_type=\"widget\" data-e-type=\"widget\" data-widget_type=\"text-editor.default\">\n\t\t\t\t<div class=\"elementor-widget-container\">\n\t\t\t\t\t\t\t\t\t<p class=\"p1\">Depuis sa cr\u00e9ation, Environnement Plus est un <strong>tremplin social et \u00e9conomique<\/strong> pour les personnes \u00e9loign\u00e9es de l\u2019emploi. L\u2019association leur propose <span class=\"s1\">un <a href=\"https:\/\/www.demarches.interieur.gouv.fr\/particuliers\/qu-est-ce-qu-un-cdd-insertion-cddi\">contrat en CDDI<\/a><\/span> <span class=\"s1\">(contrat \u00e0 dur\u00e9e d\u00e9termin\u00e9e d\u2019insertion<\/span>) de 2 ans qui leur permet <span class=\"s1\">de r\u00e9ussir leur transition professionnelle<\/span> et se r\u00e9ins\u00e9rer dans la soci\u00e9t\u00e9. Avec les financements <span class=\"s1\">de l\u2019ETAT et du D\u00e9partement 47<\/span>, EnviPlus a pour objectif de <strong>permettre \u00e0 60% <span class=\"s1\">d\u2019entre eux <\/span>\u00e0 retrouver un emploi durable<\/strong> (CDD de plus de 6 mois ou CDI) ou une formation professionnelle qualifiante<span class=\"Apple-converted-space\">&nbsp;<\/span><span class=\"s1\">\u00e0<\/span> <span class=\"s1\">l\u2019issue<\/span> de leur contrat dans la structure.<\/p>\t\t\t\t\t\t\t\t<\/div>\n\t\t\t\t<\/div>\n\t\t\t\t<div class=\"elementor-element elementor-element-342e60a elementor-widget elementor-widget-text-editor\" data-id=\"342e60a\" data-element_type=\"widget\" data-e-type=\"widget\" data-widget_type=\"text-editor.default\">\n\t\t\t\t<div class=\"elementor-widget-container\">\n\t\t\t\t\t\t\t\t\t<h4>D\u00e9couvrez deux types de missions r\u00e9alis\u00e9es au sein du p\u00f4le Espaces Verts\n<\/h4>\t\t\t\t\t\t\t\t<\/div>\n\t\t\t\t<\/div>\n\t\t\t\t<div class=\"elementor-element elementor-element-2675250 elementor-widget elementor-widget-spacer\" data-id=\"2675250\" data-element_type=\"widget\" data-e-type=\"widget\" data-widget_type=\"spacer.default\">\n\t\t\t\t<div class=\"elementor-widget-container\">\n\t\t\t\t\t\t\t<div class=\"elementor-spacer\">\n\t\t\t<div class=\"elementor-spacer-inner\"><\/div>\n\t\t<\/div>\n\t\t\t\t\t\t<\/div>\n\t\t\t\t<\/div>\n\t\t\t\t<div class=\"elementor-element elementor-element-0c1ec23 elementor-widget elementor-widget-text-editor\" data-id=\"0c1ec23\" data-element_type=\"widget\" data-e-type=\"widget\" data-widget_type=\"text-editor.default\">\n\t\t\t\t<div class=\"elementor-widget-container\">\n\t\t\t\t\t\t\t\t\t<p class=\"p1\">L\u2019objectif principal de notre association est de favoriser <strong>l\u2019insertion professionnelle de nos employ\u00e9s<\/strong> tout en leur apportant de bonnes habitudes de travail <span class=\"s1\">et en leur faisant d\u00e9couvrir<\/span> un m\u00e9tier manuel. Christophe, coordonnateur et chef de chantier, nous d\u00e9taille les missions d\u2019<strong>entretien des chemins de randonn\u00e9es et la Voie Verte<\/strong> entre Marmande et Casteljaloux. Des missions qui n\u00e9cessitent une bonne condition physique !<\/p>\t\t\t\t\t\t\t\t<\/div>\n\t\t\t\t<\/div>\n\t\t\t\t<div class=\"elementor-element elementor-element-dba6e5e elementor-widget-divider--view-line elementor-widget elementor-widget-divider\" data-id=\"dba6e5e\" data-element_type=\"widget\" data-e-type=\"widget\" data-widget_type=\"divider.default\">\n\t\t\t\t<div class=\"elementor-widget-container\">\n\t\t\t\t\t\t\t<div class=\"elementor-divider\">\n\t\t\t<span class=\"elementor-divider-separator\">\n\t\t\t\t\t\t<\/span>\n\t\t<\/div>\n\t\t\t\t\t\t<\/div>\n\t\t\t\t<\/div>\n\t\t\t\t<section class=\"elementor-section elementor-inner-section elementor-element elementor-element-869a44a elementor-section-boxed elementor-section-height-default elementor-section-height-default\" data-id=\"869a44a\" data-element_type=\"section\" data-e-type=\"section\">\n\t\t\t\t\t\t<div class=\"elementor-container elementor-column-gap-default\">\n\t\t\t\t\t<div class=\"elementor-column elementor-col-50 elementor-inner-column elementor-element elementor-element-90cf279\" data-id=\"90cf279\" data-element_type=\"column\" data-e-type=\"column\">\n\t\t\t<div class=\"elementor-widget-wrap elementor-element-populated\">\n\t\t\t\t\t\t<div class=\"elementor-element elementor-element-e9ca61f elementor-widget elementor-widget-heading\" data-id=\"e9ca61f\" data-element_type=\"widget\" data-e-type=\"widget\" data-widget_type=\"heading.default\">\n\t\t\t\t<div class=\"elementor-widget-container\">\n\t\t\t\t\t<h3 class=\"elementor-heading-title elementor-size-default\">Entretien des chemins de randonn\u00e9es<\/h3>\t\t\t\t<\/div>\n\t\t\t\t<\/div>\n\t\t\t\t<div class=\"elementor-element elementor-element-5cca204 elementor-widget elementor-widget-spacer\" data-id=\"5cca204\" data-element_type=\"widget\" data-e-type=\"widget\" data-widget_type=\"spacer.default\">\n\t\t\t\t<div class=\"elementor-widget-container\">\n\t\t\t\t\t\t\t<div class=\"elementor-spacer\">\n\t\t\t<div class=\"elementor-spacer-inner\"><\/div>\n\t\t<\/div>\n\t\t\t\t\t\t<\/div>\n\t\t\t\t<\/div>\n\t\t\t\t<div class=\"elementor-element elementor-element-fc48849 elementor-widget elementor-widget-text-editor\" data-id=\"fc48849\" data-element_type=\"widget\" data-e-type=\"widget\" data-widget_type=\"text-editor.default\">\n\t\t\t\t<div class=\"elementor-widget-container\">\n\t\t\t\t\t\t\t\t\t<div title=\"Page 1\"><p class=\"p1\">Depuis une vingtaine d\u2019ann\u00e9es, Environnement Plus est missionn\u00e9e par la communaut\u00e9 d<span class=\"s1\">\u2019<\/span>Agglom\u00e9ration du Val de Garonne pour effectuer <strong>l\u2019entretien de 7 chemins de randonn\u00e9es<\/strong>, avec un contrat renouvel\u00e9 tous les 3 ans. Selon les besoins, les agents prennent soin des pistes d\u2019avril \u00e0 septembre et interviennent 3 \u00e0 4 fois \u00e0 cette p\u00e9riode afin de les rendre <strong>propres et praticables<\/strong> pour tous les promeneurs.<\/p><\/div>\t\t\t\t\t\t\t\t<\/div>\n\t\t\t\t<\/div>\n\t\t\t\t<div class=\"elementor-element elementor-element-c5a448c elementor-widget elementor-widget-spacer\" data-id=\"c5a448c\" data-element_type=\"widget\" data-e-type=\"widget\" data-widget_type=\"spacer.default\">\n\t\t\t\t<div class=\"elementor-widget-container\">\n\t\t\t\t\t\t\t<div class=\"elementor-spacer\">\n\t\t\t<div class=\"elementor-spacer-inner\"><\/div>\n\t\t<\/div>\n\t\t\t\t\t\t<\/div>\n\t\t\t\t<\/div>\n\t\t\t\t<div class=\"elementor-element elementor-element-ef17dda elementor-widget elementor-widget-text-editor\" data-id=\"ef17dda\" data-element_type=\"widget\" data-e-type=\"widget\" data-widget_type=\"text-editor.default\">\n\t\t\t\t<div class=\"elementor-widget-container\">\n\t\t\t\t\t\t\t\t\t<div class=\"page\" title=\"Page 1\"><div class=\"layoutArea\"><div class=\"column\"><p class=\"p1\">EnviPlus s\u2019occupent ainsi de 7 chemins dans le Lot-et-Garonne : <span class=\"Apple-converted-space\">\u00a0<\/span><\/p><ul class=\"ul1\"><li class=\"li2\">Beaupuy &#8211; Mauvezin-sur-Gupie<\/li><li class=\"li2\">Lagru\u00e8re &#8211; Villeton &#8211; Calonges<\/li><li class=\"li2\">Birac-sur-Trec &#8211; Gontaud-de-Nogaret<\/li><li class=\"li2\">Saint-Avit<\/li><li class=\"li2\">Castelnau-sur-Gupie &#8211; Saint-Martin-Petit<\/li><li class=\"li2\">Saint-Barth\u00e9l\u00e9my- d\u2019Agenais<\/li><li class=\"li2\">Seyches<\/li><\/ul><\/div><\/div><\/div>\t\t\t\t\t\t\t\t<\/div>\n\t\t\t\t<\/div>\n\t\t\t\t<div class=\"elementor-element elementor-element-eae18b8 elementor-widget elementor-widget-spacer\" data-id=\"eae18b8\" data-element_type=\"widget\" data-e-type=\"widget\" data-widget_type=\"spacer.default\">\n\t\t\t\t<div class=\"elementor-widget-container\">\n\t\t\t\t\t\t\t<div class=\"elementor-spacer\">\n\t\t\t<div class=\"elementor-spacer-inner\"><\/div>\n\t\t<\/div>\n\t\t\t\t\t\t<\/div>\n\t\t\t\t<\/div>\n\t\t\t\t<div class=\"elementor-element elementor-element-0807d81 elementor-widget elementor-widget-text-editor\" data-id=\"0807d81\" data-element_type=\"widget\" data-e-type=\"widget\" data-widget_type=\"text-editor.default\">\n\t\t\t\t<div class=\"elementor-widget-container\">\n\t\t\t\t\t\t\t\t\t<div class=\"page\" title=\"Page 1\"><div class=\"layoutArea\"><div class=\"column\"><p class=\"p1\">Nos salari\u00e9s sont d\u2019abord form\u00e9s pour apprendre \u00e0 <strong>manipuler les outils d<span class=\"s1\">\u2019<\/span>entretien<\/strong>. Leur encadrant effectue ensuite un balisage des parcours avant leur intervention, qui dure 3 \u00e0 4 semaines pour la totalit\u00e9 des sentiers. Par \u00e9quipe de 6, ils nettoient les chemins en ramassant les arbres, les grands branchages et les branches basses avec un tracteur, puis passent la d\u00e9broussailleuse, le taille-haie et la tron\u00e7onneuse pour les c\u00f4t\u00e9s.<\/p><p class=\"p1\">Dans le cadre de notre contrat avec VGA, nous entretenons d\u2019autres <strong>espaces verts dans le marmandais<\/strong> : Aquaval, le P\u00f4le Jeunes, les cr\u00e8ches de La Gravette et Fran\u00e7oise Dolto et la p\u00e9pini\u00e8re, etc.<\/p><\/div><\/div><\/div>\t\t\t\t\t\t\t\t<\/div>\n\t\t\t\t<\/div>\n\t\t\t\t\t<\/div>\n\t\t<\/div>\n\t\t\t\t<div class=\"elementor-column elementor-col-50 elementor-inner-column elementor-element elementor-element-f0d82f4\" data-id=\"f0d82f4\" data-element_type=\"column\" data-e-type=\"column\">\n\t\t\t<div class=\"elementor-widget-wrap elementor-element-populated\">\n\t\t\t\t\t\t<div class=\"elementor-element elementor-element-b18bdc3 elementor-widget elementor-widget-heading\" data-id=\"b18bdc3\" data-element_type=\"widget\" data-e-type=\"widget\" data-widget_type=\"heading.default\">\n\t\t\t\t<div class=\"elementor-widget-container\">\n\t\t\t\t\t<h3 class=\"elementor-heading-title elementor-size-default\">Entretien de la Voie Verte entre Marmande et Casteljaloux<\/h3>\t\t\t\t<\/div>\n\t\t\t\t<\/div>\n\t\t\t\t<div class=\"elementor-element elementor-element-5011782 elementor-widget elementor-widget-spacer\" data-id=\"5011782\" data-element_type=\"widget\" data-e-type=\"widget\" data-widget_type=\"spacer.default\">\n\t\t\t\t<div class=\"elementor-widget-container\">\n\t\t\t\t\t\t\t<div class=\"elementor-spacer\">\n\t\t\t<div class=\"elementor-spacer-inner\"><\/div>\n\t\t<\/div>\n\t\t\t\t\t\t<\/div>\n\t\t\t\t<\/div>\n\t\t\t\t<div class=\"elementor-element elementor-element-30acf7a elementor-widget elementor-widget-text-editor\" data-id=\"30acf7a\" data-element_type=\"widget\" data-e-type=\"widget\" data-widget_type=\"text-editor.default\">\n\t\t\t\t<div class=\"elementor-widget-container\">\n\t\t\t\t\t\t\t\t\t<div title=\"Page 1\"><p class=\"p1\">La <a href=\"https:\/\/www.vg-agglo.com\/a-la-decouverte-du-val-de-garonne\/voie-verte\/\">voie verte Marmande\/Casteljaloux<\/a> est un projet de Val de Garonne Agglom\u00e9ration et de la communaut\u00e9 de communes des Coteaux et Landes de Gascogne. Les deux entit\u00e9s ont rachet\u00e9 une ancienne voie ferr\u00e9e \u00e0 la SNCF en d\u00e9cembre 2018 pour la transformer en une <strong>grande promenade r\u00e9serv\u00e9e aux v\u00e9hicules non motoris\u00e9s et aux pi\u00e9tons<\/strong>.<\/p><p class=\"p1\">Longue de 24km, elle traverse les communes de Marmande, Gaujac, Moutpouillan, Samazan, Bouglon, Argenton, Poussignac, Casteljaloux et finit \u00e0 Pind\u00e8res. La premi\u00e8re portion, entre Samazan et Montpouillan, a \u00e9t\u00e9 ouverte en d\u00e9cembre 2022. La seconde et derni\u00e8re portion, entre Montpouillan et Marmande, sera inaugur\u00e9e le 5 juillet prochain.<\/p><p class=\"p1\">Il s\u2019agit de <strong>promouvoir les mobilit\u00e9s douces<\/strong> et favoriser le maillage avec diff\u00e9rents itin\u00e9raires cyclables d\u00e9j\u00e0 existants dont la Scandib\u00e9rique et la voie verte du canal des Deux-Mers \u00e0 v\u00e9lo.<\/p><\/div>\t\t\t\t\t\t\t\t<\/div>\n\t\t\t\t<\/div>\n\t\t\t\t<div class=\"elementor-element elementor-element-ea06dd1 elementor-widget elementor-widget-spacer\" data-id=\"ea06dd1\" data-element_type=\"widget\" data-e-type=\"widget\" data-widget_type=\"spacer.default\">\n\t\t\t\t<div class=\"elementor-widget-container\">\n\t\t\t\t\t\t\t<div class=\"elementor-spacer\">\n\t\t\t<div class=\"elementor-spacer-inner\"><\/div>\n\t\t<\/div>\n\t\t\t\t\t\t<\/div>\n\t\t\t\t<\/div>\n\t\t\t\t<div class=\"elementor-element elementor-element-27952bf elementor-widget elementor-widget-text-editor\" data-id=\"27952bf\" data-element_type=\"widget\" data-e-type=\"widget\" data-widget_type=\"text-editor.default\">\n\t\t\t\t<div class=\"elementor-widget-container\">\n\t\t\t\t\t\t\t\t\t<div class=\"page\" title=\"Page 1\"><div class=\"layoutArea\"><div class=\"column\"><p class=\"p1\">Dans un premier temps, EnviPlus a \u00e9t\u00e9 sollicit\u00e9 pour ouvrir les chemins, tron\u00e7onner les arbres et nettoyer l\u2019ancienne voie de chemin de fer entre Marmande et Montpouillan, afin de permettre aux entreprises de r\u00e9aliser la r\u00e9novation des ponts et le goudronnage de la voie cyclable<\/p><p class=\"p1\">Chaque ann\u00e9e depuis 2020, les \u00e9quipes entretiennent donc les chemins sur la portion Marmande\/Montpouillan avec le gyrobroyeur, la tron\u00e7onneuse et la d\u00e9broussailleuse afin de les garder intacts avant et apr\u00e8s les travaux. EnviPlus continuera l\u2019entretien de ce lieu touristique apr\u00e8s l\u2019ouverture officielle de la <a href=\"https:\/\/www.vg-agglo.com\/actualites\/la-voie-verte-inauguration-le-5-juillet\/\">SO V\u00e9lo le 5 juillet 2023<\/a>.<\/p><\/div><\/div><\/div>\t\t\t\t\t\t\t\t<\/div>\n\t\t\t\t<\/div>\n\t\t\t\t<div class=\"elementor-element elementor-element-f3d8707 elementor-widget elementor-widget-spacer\" data-id=\"f3d8707\" data-element_type=\"widget\" data-e-type=\"widget\" data-widget_type=\"spacer.default\">\n\t\t\t\t<div class=\"elementor-widget-container\">\n\t\t\t\t\t\t\t<div class=\"elementor-spacer\">\n\t\t\t<div class=\"elementor-spacer-inner\"><\/div>\n\t\t<\/div>\n\t\t\t\t\t\t<\/div>\n\t\t\t\t<\/div>\n\t\t\t\t\t<\/div>\n\t\t<\/div>\n\t\t\t\t\t<\/div>\n\t\t<\/section>\n\t\t\t\t<div class=\"elementor-element elementor-element-4f23c77 elementor-widget-divider--view-line elementor-widget elementor-widget-divider\" data-id=\"4f23c77\" data-element_type=\"widget\" data-e-type=\"widget\" data-widget_type=\"divider.default\">\n\t\t\t\t<div class=\"elementor-widget-container\">\n\t\t\t\t\t\t\t<div class=\"elementor-divider\">\n\t\t\t<span class=\"elementor-divider-separator\">\n\t\t\t\t\t\t<\/span>\n\t\t<\/div>\n\t\t\t\t\t\t<\/div>\n\t\t\t\t<\/div>\n\t\t\t\t<div class=\"elementor-element elementor-element-d7a7250 elementor-widget elementor-widget-text-editor\" data-id=\"d7a7250\" data-element_type=\"widget\" data-e-type=\"widget\" data-widget_type=\"text-editor.default\">\n\t\t\t\t<div class=\"elementor-widget-container\">\n\t\t\t\t\t\t\t\t\t<div class=\"page\" title=\"Page 1\"><div class=\"layoutArea\"><div class=\"column\"><p class=\"p1\">Christophe travaille chez Environnement Plus depuis 1994. Il est rentr\u00e9 dans la structure via la Mission Locale pour s\u2019occuper du secr\u00e9tariat, de la comptabilit\u00e9 et <span class=\"s1\">des dossiers <\/span>de march\u00e9s <span class=\"s1\">publics<\/span>. Il est pass\u00e9 c\u00f4t\u00e9 encadrement des employ\u00e9s, en tant que coordonateur et chef de chantier.<\/p><p class=\"p1\">Pour lui, ces missions d\u2019entretien permettent aux agents d\u2019<strong>entretenir <span class=\"s1\">des comp\u00e9tences et des aptitudes physiques<\/span><\/strong>, de\u00a0se former \u00e0 des m\u00e9tiers parfois <span class=\"s1\">rudes<\/span> et de <strong>participer activement \u00e0 la vie locale<\/strong>.<\/p><\/div><\/div><\/div>\t\t\t\t\t\t\t\t<\/div>\n\t\t\t\t<\/div>\n\t\t\t\t<div class=\"elementor-element elementor-element-c4f9d6d elementor-widget elementor-widget-spacer\" data-id=\"c4f9d6d\" data-element_type=\"widget\" data-e-type=\"widget\" data-widget_type=\"spacer.default\">\n\t\t\t\t<div class=\"elementor-widget-container\">\n\t\t\t\t\t\t\t<div class=\"elementor-spacer\">\n\t\t\t<div class=\"elementor-spacer-inner\"><\/div>\n\t\t<\/div>\n\t\t\t\t\t\t<\/div>\n\t\t\t\t<\/div>\n\t\t\t\t<div class=\"elementor-element elementor-element-b2aee72 elementor-widget elementor-widget-heading\" data-id=\"b2aee72\" data-element_type=\"widget\" data-e-type=\"widget\" data-widget_type=\"heading.default\">\n\t\t\t\t<div class=\"elementor-widget-container\">\n\t\t\t\t\t<h2 class=\"elementor-heading-title elementor-size-default\">Quelques exemples de nos r\u00e9alisations<\/h2>\t\t\t\t<\/div>\n\t\t\t\t<\/div>\n\t\t\t\t<div class=\"elementor-element elementor-element-25ad0ca elementor-widget elementor-widget-spacer\" data-id=\"25ad0ca\" data-element_type=\"widget\" data-e-type=\"widget\" data-widget_type=\"spacer.default\">\n\t\t\t\t<div class=\"elementor-widget-container\">\n\t\t\t\t\t\t\t<div class=\"elementor-spacer\">\n\t\t\t<div class=\"elementor-spacer-inner\"><\/div>\n\t\t<\/div>\n\t\t\t\t\t\t<\/div>\n\t\t\t\t<\/div>\n\t\t\t\t<div class=\"elementor-element elementor-element-2c2fc97 elementor-widget elementor-widget-text-editor\" data-id=\"2c2fc97\" data-element_type=\"widget\" data-e-type=\"widget\" data-widget_type=\"text-editor.default\">\n\t\t\t\t<div class=\"elementor-widget-container\">\n\t\t\t\t\t\t\t\t\t<p>Les employ\u00e9s peuvent admirer et profiter du travail qu\u2019ils effectuent et\u00a0<strong>se sentir pleinement utiles :<\/strong><\/p>\t\t\t\t\t\t\t\t<\/div>\n\t\t\t\t<\/div>\n\t\t\t\t\t<\/div>\n\t\t<\/div>\n\t\t\t\t\t<\/div>\n\t\t<\/section>\n\t\t\t\t<section class=\"elementor-section elementor-top-section elementor-element elementor-element-63049f8 elementor-section-boxed elementor-section-height-default elementor-section-height-default\" data-id=\"63049f8\" data-element_type=\"section\" data-e-type=\"section\">\n\t\t\t\t\t\t<div class=\"elementor-container elementor-column-gap-default\">\n\t\t\t\t\t<div class=\"elementor-column elementor-col-20 elementor-top-column elementor-element elementor-element-c37ffa0\" data-id=\"c37ffa0\" data-element_type=\"column\" data-e-type=\"column\">\n\t\t\t<div class=\"elementor-widget-wrap elementor-element-populated\">\n\t\t\t\t\t\t<div class=\"elementor-element elementor-element-fd279b9 elementor-widget elementor-widget-image\" data-id=\"fd279b9\" data-element_type=\"widget\" data-e-type=\"widget\" data-widget_type=\"image.default\">\n\t\t\t\t<div class=\"elementor-widget-container\">\n\t\t\t\t\t\t\t\t\t\t\t\t\t\t\t<img fetchpriority=\"high\" decoding=\"async\" width=\"768\" height=\"1024\" src=\"https:\/\/enviplus.fr\/wp-content\/uploads\/2023\/06\/Ouvrier-en-bas-du-pont-768x1024.jpeg\" class=\"attachment-medium_large size-medium_large wp-image-7075\" alt=\"\" srcset=\"https:\/\/enviplus.fr\/wp-content\/uploads\/2023\/06\/Ouvrier-en-bas-du-pont-768x1024.jpeg 768w, https:\/\/enviplus.fr\/wp-content\/uploads\/2023\/06\/Ouvrier-en-bas-du-pont-225x300.jpeg 225w, https:\/\/enviplus.fr\/wp-content\/uploads\/2023\/06\/Ouvrier-en-bas-du-pont-1152x1536.jpeg 1152w, https:\/\/enviplus.fr\/wp-content\/uploads\/2023\/06\/Ouvrier-en-bas-du-pont.jpeg 1536w\" sizes=\"(max-width: 768px) 100vw, 768px\" \/>\t\t\t\t\t\t\t\t\t\t\t\t\t\t\t<\/div>\n\t\t\t\t<\/div>\n\t\t\t\t<div class=\"elementor-element elementor-element-69eb8e9 elementor-widget elementor-widget-spacer\" data-id=\"69eb8e9\" data-element_type=\"widget\" data-e-type=\"widget\" data-widget_type=\"spacer.default\">\n\t\t\t\t<div class=\"elementor-widget-container\">\n\t\t\t\t\t\t\t<div class=\"elementor-spacer\">\n\t\t\t<div class=\"elementor-spacer-inner\"><\/div>\n\t\t<\/div>\n\t\t\t\t\t\t<\/div>\n\t\t\t\t<\/div>\n\t\t\t\t<div class=\"elementor-element elementor-element-3fcf987 elementor-widget elementor-widget-text-editor\" data-id=\"3fcf987\" data-element_type=\"widget\" data-e-type=\"widget\" data-widget_type=\"text-editor.default\">\n\t\t\t\t<div class=\"elementor-widget-container\">\n\t\t\t\t\t\t\t\t\t<p>Renfort de tracteurs, nacelles, tron\u00e7onneuses et tondeuses pour nettoyer la zone<\/p>\t\t\t\t\t\t\t\t<\/div>\n\t\t\t\t<\/div>\n\t\t\t\t\t<\/div>\n\t\t<\/div>\n\t\t\t\t<div class=\"elementor-column elementor-col-20 elementor-top-column elementor-element elementor-element-cc5b6fa\" data-id=\"cc5b6fa\" data-element_type=\"column\" data-e-type=\"column\">\n\t\t\t<div class=\"elementor-widget-wrap elementor-element-populated\">\n\t\t\t\t\t\t<div class=\"elementor-element elementor-element-b3936f0 elementor-widget elementor-widget-image\" data-id=\"b3936f0\" data-element_type=\"widget\" data-e-type=\"widget\" data-widget_type=\"image.default\">\n\t\t\t\t<div class=\"elementor-widget-container\">\n\t\t\t\t\t\t\t\t\t\t\t\t\t\t\t<img decoding=\"async\" width=\"768\" height=\"1024\" src=\"https:\/\/enviplus.fr\/wp-content\/uploads\/2023\/06\/Debrouissallage-768x1024.jpeg\" class=\"attachment-large size-large wp-image-7071\" alt=\"\" srcset=\"https:\/\/enviplus.fr\/wp-content\/uploads\/2023\/06\/Debrouissallage-768x1024.jpeg 768w, https:\/\/enviplus.fr\/wp-content\/uploads\/2023\/06\/Debrouissallage-225x300.jpeg 225w, https:\/\/enviplus.fr\/wp-content\/uploads\/2023\/06\/Debrouissallage-1152x1536.jpeg 1152w, https:\/\/enviplus.fr\/wp-content\/uploads\/2023\/06\/Debrouissallage.jpeg 1536w\" sizes=\"(max-width: 768px) 100vw, 768px\" \/>\t\t\t\t\t\t\t\t\t\t\t\t\t\t\t<\/div>\n\t\t\t\t<\/div>\n\t\t\t\t<div class=\"elementor-element elementor-element-892c4fb elementor-widget elementor-widget-spacer\" data-id=\"892c4fb\" data-element_type=\"widget\" data-e-type=\"widget\" data-widget_type=\"spacer.default\">\n\t\t\t\t<div class=\"elementor-widget-container\">\n\t\t\t\t\t\t\t<div class=\"elementor-spacer\">\n\t\t\t<div class=\"elementor-spacer-inner\"><\/div>\n\t\t<\/div>\n\t\t\t\t\t\t<\/div>\n\t\t\t\t<\/div>\n\t\t\t\t<div class=\"elementor-element elementor-element-e579230 elementor-widget elementor-widget-text-editor\" data-id=\"e579230\" data-element_type=\"widget\" data-e-type=\"widget\" data-widget_type=\"text-editor.default\">\n\t\t\t\t<div class=\"elementor-widget-container\">\n\t\t\t\t\t\t\t\t\t<p>D\u00e9brouissaillage en bas du pont<\/p>\t\t\t\t\t\t\t\t<\/div>\n\t\t\t\t<\/div>\n\t\t\t\t\t<\/div>\n\t\t<\/div>\n\t\t\t\t<div class=\"elementor-column elementor-col-20 elementor-top-column elementor-element elementor-element-991b0b6\" data-id=\"991b0b6\" data-element_type=\"column\" data-e-type=\"column\">\n\t\t\t<div class=\"elementor-widget-wrap elementor-element-populated\">\n\t\t\t\t\t\t<div class=\"elementor-element elementor-element-f2e048a elementor-widget elementor-widget-image\" data-id=\"f2e048a\" data-element_type=\"widget\" data-e-type=\"widget\" data-widget_type=\"image.default\">\n\t\t\t\t<div class=\"elementor-widget-container\">\n\t\t\t\t\t\t\t\t\t\t\t\t\t\t\t<img decoding=\"async\" width=\"768\" height=\"1024\" src=\"https:\/\/enviplus.fr\/wp-content\/uploads\/2023\/06\/Nettoyage-pile-768x1024.jpeg\" class=\"attachment-medium_large size-medium_large wp-image-7072\" alt=\"\" srcset=\"https:\/\/enviplus.fr\/wp-content\/uploads\/2023\/06\/Nettoyage-pile-768x1024.jpeg 768w, https:\/\/enviplus.fr\/wp-content\/uploads\/2023\/06\/Nettoyage-pile-225x300.jpeg 225w, https:\/\/enviplus.fr\/wp-content\/uploads\/2023\/06\/Nettoyage-pile-1152x1536.jpeg 1152w, https:\/\/enviplus.fr\/wp-content\/uploads\/2023\/06\/Nettoyage-pile.jpeg 1536w\" sizes=\"(max-width: 768px) 100vw, 768px\" \/>\t\t\t\t\t\t\t\t\t\t\t\t\t\t\t<\/div>\n\t\t\t\t<\/div>\n\t\t\t\t<div class=\"elementor-element elementor-element-043611f elementor-widget elementor-widget-spacer\" data-id=\"043611f\" data-element_type=\"widget\" data-e-type=\"widget\" data-widget_type=\"spacer.default\">\n\t\t\t\t<div class=\"elementor-widget-container\">\n\t\t\t\t\t\t\t<div class=\"elementor-spacer\">\n\t\t\t<div class=\"elementor-spacer-inner\"><\/div>\n\t\t<\/div>\n\t\t\t\t\t\t<\/div>\n\t\t\t\t<\/div>\n\t\t\t\t<div class=\"elementor-element elementor-element-aee0b67 elementor-widget elementor-widget-text-editor\" data-id=\"aee0b67\" data-element_type=\"widget\" data-e-type=\"widget\" data-widget_type=\"text-editor.default\">\n\t\t\t\t<div class=\"elementor-widget-container\">\n\t\t\t\t\t\t\t\t\t<p>Pile de pont en cours de nettoyage<\/p>\t\t\t\t\t\t\t\t<\/div>\n\t\t\t\t<\/div>\n\t\t\t\t\t<\/div>\n\t\t<\/div>\n\t\t\t\t<div class=\"elementor-column elementor-col-20 elementor-top-column elementor-element elementor-element-566b8e8\" data-id=\"566b8e8\" data-element_type=\"column\" data-e-type=\"column\">\n\t\t\t<div class=\"elementor-widget-wrap elementor-element-populated\">\n\t\t\t\t\t\t<div class=\"elementor-element elementor-element-b00123a elementor-widget elementor-widget-image\" data-id=\"b00123a\" data-element_type=\"widget\" data-e-type=\"widget\" data-widget_type=\"image.default\">\n\t\t\t\t<div class=\"elementor-widget-container\">\n\t\t\t\t\t\t\t\t\t\t\t\t\t\t\t<img loading=\"lazy\" decoding=\"async\" width=\"768\" height=\"1024\" src=\"https:\/\/enviplus.fr\/wp-content\/uploads\/2023\/06\/Pile-propre-768x1024.jpeg\" class=\"attachment-large size-large wp-image-7076\" alt=\"\" srcset=\"https:\/\/enviplus.fr\/wp-content\/uploads\/2023\/06\/Pile-propre-768x1024.jpeg 768w, https:\/\/enviplus.fr\/wp-content\/uploads\/2023\/06\/Pile-propre-225x300.jpeg 225w, https:\/\/enviplus.fr\/wp-content\/uploads\/2023\/06\/Pile-propre-1152x1536.jpeg 1152w, https:\/\/enviplus.fr\/wp-content\/uploads\/2023\/06\/Pile-propre.jpeg 1536w\" sizes=\"(max-width: 768px) 100vw, 768px\" \/>\t\t\t\t\t\t\t\t\t\t\t\t\t\t\t<\/div>\n\t\t\t\t<\/div>\n\t\t\t\t<div class=\"elementor-element elementor-element-badb607 elementor-widget elementor-widget-spacer\" data-id=\"badb607\" data-element_type=\"widget\" data-e-type=\"widget\" data-widget_type=\"spacer.default\">\n\t\t\t\t<div class=\"elementor-widget-container\">\n\t\t\t\t\t\t\t<div class=\"elementor-spacer\">\n\t\t\t<div class=\"elementor-spacer-inner\"><\/div>\n\t\t<\/div>\n\t\t\t\t\t\t<\/div>\n\t\t\t\t<\/div>\n\t\t\t\t<div class=\"elementor-element elementor-element-a52a6fd elementor-widget elementor-widget-text-editor\" data-id=\"a52a6fd\" data-element_type=\"widget\" data-e-type=\"widget\" data-widget_type=\"text-editor.default\">\n\t\t\t\t<div class=\"elementor-widget-container\">\n\t\t\t\t\t\t\t\t\t<p>Pile du pont de Marmande nettoy\u00e9e<\/p>\t\t\t\t\t\t\t\t<\/div>\n\t\t\t\t<\/div>\n\t\t\t\t\t<\/div>\n\t\t<\/div>\n\t\t\t\t<div class=\"elementor-column elementor-col-20 elementor-top-column elementor-element elementor-element-d78cacf\" data-id=\"d78cacf\" data-element_type=\"column\" data-e-type=\"column\">\n\t\t\t<div class=\"elementor-widget-wrap elementor-element-populated\">\n\t\t\t\t\t\t<div class=\"elementor-element elementor-element-1bc440a elementor-widget elementor-widget-image\" data-id=\"1bc440a\" data-element_type=\"widget\" data-e-type=\"widget\" data-widget_type=\"image.default\">\n\t\t\t\t<div class=\"elementor-widget-container\">\n\t\t\t\t\t\t\t\t\t\t\t\t\t\t\t<img loading=\"lazy\" decoding=\"async\" width=\"768\" height=\"1024\" src=\"https:\/\/enviplus.fr\/wp-content\/uploads\/2023\/06\/vv1.jpg\" class=\"attachment-large size-large wp-image-7102\" alt=\"\" srcset=\"https:\/\/enviplus.fr\/wp-content\/uploads\/2023\/06\/vv1.jpg 768w, https:\/\/enviplus.fr\/wp-content\/uploads\/2023\/06\/vv1-225x300.jpg 225w\" sizes=\"(max-width: 768px) 100vw, 768px\" \/>\t\t\t\t\t\t\t\t\t\t\t\t\t\t\t<\/div>\n\t\t\t\t<\/div>\n\t\t\t\t<div class=\"elementor-element elementor-element-2849f6c elementor-widget elementor-widget-spacer\" data-id=\"2849f6c\" data-element_type=\"widget\" data-e-type=\"widget\" data-widget_type=\"spacer.default\">\n\t\t\t\t<div class=\"elementor-widget-container\">\n\t\t\t\t\t\t\t<div class=\"elementor-spacer\">\n\t\t\t<div class=\"elementor-spacer-inner\"><\/div>\n\t\t<\/div>\n\t\t\t\t\t\t<\/div>\n\t\t\t\t<\/div>\n\t\t\t\t<div class=\"elementor-element elementor-element-0f8d0d7 elementor-widget elementor-widget-text-editor\" data-id=\"0f8d0d7\" data-element_type=\"widget\" data-e-type=\"widget\" data-widget_type=\"text-editor.default\">\n\t\t\t\t<div class=\"elementor-widget-container\">\n\t\t\t\t\t\t\t\t\t<p>Nettoyage du pont de Marmande<\/p>\t\t\t\t\t\t\t\t<\/div>\n\t\t\t\t<\/div>\n\t\t\t\t\t<\/div>\n\t\t<\/div>\n\t\t\t\t\t<\/div>\n\t\t<\/section>\n\t\t\t\t<section class=\"elementor-section elementor-top-section elementor-element elementor-element-598500b elementor-section-boxed elementor-section-height-default elementor-section-height-default\" data-id=\"598500b\" data-element_type=\"section\" data-e-type=\"section\">\n\t\t\t\t\t\t<div class=\"elementor-container elementor-column-gap-default\">\n\t\t\t\t\t<div class=\"elementor-column elementor-col-100 elementor-top-column elementor-element elementor-element-303599c\" data-id=\"303599c\" data-element_type=\"column\" data-e-type=\"column\">\n\t\t\t<div class=\"elementor-widget-wrap elementor-element-populated\">\n\t\t\t\t\t\t<div class=\"elementor-element elementor-element-7ee6ba8 elementor-widget-divider--view-line elementor-widget elementor-widget-divider\" data-id=\"7ee6ba8\" data-element_type=\"widget\" data-e-type=\"widget\" data-widget_type=\"divider.default\">\n\t\t\t\t<div class=\"elementor-widget-container\">\n\t\t\t\t\t\t\t<div class=\"elementor-divider\">\n\t\t\t<span class=\"elementor-divider-separator\">\n\t\t\t\t\t\t<\/span>\n\t\t<\/div>\n\t\t\t\t\t\t<\/div>\n\t\t\t\t<\/div>\n\t\t\t\t<div class=\"elementor-element elementor-element-a7e2859 elementor-widget elementor-widget-spacer\" data-id=\"a7e2859\" data-element_type=\"widget\" data-e-type=\"widget\" data-widget_type=\"spacer.default\">\n\t\t\t\t<div class=\"elementor-widget-container\">\n\t\t\t\t\t\t\t<div class=\"elementor-spacer\">\n\t\t\t<div class=\"elementor-spacer-inner\"><\/div>\n\t\t<\/div>\n\t\t\t\t\t\t<\/div>\n\t\t\t\t<\/div>\n\t\t\t\t<div class=\"elementor-element elementor-element-5b417ab elementor-widget elementor-widget-heading\" data-id=\"5b417ab\" data-element_type=\"widget\" data-e-type=\"widget\" data-widget_type=\"heading.default\">\n\t\t\t\t<div class=\"elementor-widget-container\">\n\t\t\t\t\t<h3 class=\"elementor-heading-title elementor-size-default\">Nos employ\u00e9s \u00e0 l'oeuvre pour nettoyer le du pont de Marmande :<\/h3>\t\t\t\t<\/div>\n\t\t\t\t<\/div>\n\t\t\t\t<div class=\"elementor-element elementor-element-61624a9 elementor-widget elementor-widget-spacer\" data-id=\"61624a9\" data-element_type=\"widget\" data-e-type=\"widget\" data-widget_type=\"spacer.default\">\n\t\t\t\t<div class=\"elementor-widget-container\">\n\t\t\t\t\t\t\t<div class=\"elementor-spacer\">\n\t\t\t<div class=\"elementor-spacer-inner\"><\/div>\n\t\t<\/div>\n\t\t\t\t\t\t<\/div>\n\t\t\t\t<\/div>\n\t\t\t\t\t<\/div>\n\t\t<\/div>\n\t\t\t\t\t<\/div>\n\t\t<\/section>\n\t\t\t\t<section class=\"elementor-section elementor-top-section elementor-element elementor-element-8635b6e elementor-section-boxed elementor-section-height-default elementor-section-height-default\" data-id=\"8635b6e\" data-element_type=\"section\" data-e-type=\"section\">\n\t\t\t\t\t\t<div class=\"elementor-container elementor-column-gap-default\">\n\t\t\t\t\t<div class=\"elementor-column elementor-col-50 elementor-top-column elementor-element elementor-element-e336247\" data-id=\"e336247\" data-element_type=\"column\" data-e-type=\"column\">\n\t\t\t<div class=\"elementor-widget-wrap elementor-element-populated\">\n\t\t\t\t\t\t<div class=\"elementor-element elementor-element-9253e7e elementor-widget elementor-widget-image\" data-id=\"9253e7e\" data-element_type=\"widget\" data-e-type=\"widget\" data-widget_type=\"image.default\">\n\t\t\t\t<div class=\"elementor-widget-container\">\n\t\t\t\t\t\t\t\t\t\t\t\t\t\t\t<img loading=\"lazy\" decoding=\"async\" width=\"768\" height=\"768\" src=\"https:\/\/enviplus.fr\/wp-content\/uploads\/2023\/06\/Nettoyage-pont2-768x768.png\" class=\"attachment-medium_large size-medium_large wp-image-7084\" alt=\"\" srcset=\"https:\/\/enviplus.fr\/wp-content\/uploads\/2023\/06\/Nettoyage-pont2-768x768.png 768w, https:\/\/enviplus.fr\/wp-content\/uploads\/2023\/06\/Nettoyage-pont2-300x300.png 300w, https:\/\/enviplus.fr\/wp-content\/uploads\/2023\/06\/Nettoyage-pont2-1024x1024.png 1024w, https:\/\/enviplus.fr\/wp-content\/uploads\/2023\/06\/Nettoyage-pont2-150x150.png 150w, https:\/\/enviplus.fr\/wp-content\/uploads\/2023\/06\/Nettoyage-pont2-1536x1536.png 1536w, https:\/\/enviplus.fr\/wp-content\/uploads\/2023\/06\/Nettoyage-pont2-2048x2048.png 2048w\" sizes=\"(max-width: 768px) 100vw, 768px\" \/>\t\t\t\t\t\t\t\t\t\t\t\t\t\t\t<\/div>\n\t\t\t\t<\/div>\n\t\t\t\t\t<\/div>\n\t\t<\/div>\n\t\t\t\t<div class=\"elementor-column elementor-col-50 elementor-top-column elementor-element elementor-element-ae715cd\" data-id=\"ae715cd\" data-element_type=\"column\" data-e-type=\"column\">\n\t\t\t<div class=\"elementor-widget-wrap elementor-element-populated\">\n\t\t\t\t\t\t<div class=\"elementor-element elementor-element-64a798b elementor-widget elementor-widget-image\" data-id=\"64a798b\" data-element_type=\"widget\" data-e-type=\"widget\" data-widget_type=\"image.default\">\n\t\t\t\t<div class=\"elementor-widget-container\">\n\t\t\t\t\t\t\t\t\t\t\t\t\t\t\t<img loading=\"lazy\" decoding=\"async\" width=\"768\" height=\"768\" src=\"https:\/\/enviplus.fr\/wp-content\/uploads\/2023\/06\/Nettoyage-pont-768x768.png\" class=\"attachment-medium_large size-medium_large wp-image-7083\" alt=\"\" srcset=\"https:\/\/enviplus.fr\/wp-content\/uploads\/2023\/06\/Nettoyage-pont-768x768.png 768w, https:\/\/enviplus.fr\/wp-content\/uploads\/2023\/06\/Nettoyage-pont-300x300.png 300w, https:\/\/enviplus.fr\/wp-content\/uploads\/2023\/06\/Nettoyage-pont-1024x1024.png 1024w, https:\/\/enviplus.fr\/wp-content\/uploads\/2023\/06\/Nettoyage-pont-150x150.png 150w, https:\/\/enviplus.fr\/wp-content\/uploads\/2023\/06\/Nettoyage-pont-1536x1536.png 1536w, https:\/\/enviplus.fr\/wp-content\/uploads\/2023\/06\/Nettoyage-pont-2048x2048.png 2048w\" sizes=\"(max-width: 768px) 100vw, 768px\" \/>\t\t\t\t\t\t\t\t\t\t\t\t\t\t\t<\/div>\n\t\t\t\t<\/div>\n\t\t\t\t\t<\/div>\n\t\t<\/div>\n\t\t\t\t\t<\/div>\n\t\t<\/section>\n\t\t\t\t<\/div>\n\t\t","protected":false},"excerpt":{"rendered":"<p>EnviPlus entretient 7 chemins de randonn\u00e9es dans le Lot-et-Garonne et la Voie Verte entre Marmande et Casteljaloux Depuis sa cr\u00e9ation, Environnement Plus est un tremplin social et \u00e9conomique pour les personnes \u00e9loign\u00e9es de l\u2019emploi. L\u2019association leur propose un contrat en CDDI (contrat \u00e0 dur\u00e9e d\u00e9termin\u00e9e d\u2019insertion) de 2 ans qui leur permet de r\u00e9ussir leur&hellip;<\/p>\n","protected":false},"author":2,"featured_media":7079,"comment_status":"open","ping_status":"open","sticky":false,"template":"","format":"standard","meta":{"footnotes":""},"categories":[1],"tags":[],"class_list":["post-7066","post","type-post","status-publish","format-standard","has-post-thumbnail","hentry","category-non-classe"],"yoast_head":"<!-- This site is optimized with the Yoast SEO plugin v27.4 - https:\/\/yoast.com\/product\/yoast-seo-wordpress\/ -->\n<title>L&#039;entretien de chemins de randonn\u00e9es et de la Voie Verte dans le Lot-et-Garonne - Enviplus<\/title>\n<meta name=\"description\" content=\"D\u00e9couvrez en d\u00e9tails les missions d\u2019entretien des chemins de randonn\u00e9es et la Voie Verte entre Marmande et Casteljaloux effectu\u00e9es par Envi+\" \/>\n<meta name=\"robots\" content=\"index, follow, max-snippet:-1, max-image-preview:large, max-video-preview:-1\" \/>\n<link rel=\"canonical\" href=\"https:\/\/enviplus.fr\/index.php\/2023\/06\/29\/entretien-chemins-randonnees-voie-verte\/\" \/>\n<meta property=\"og:locale\" content=\"fr_FR\" \/>\n<meta property=\"og:type\" content=\"article\" \/>\n<meta property=\"og:title\" content=\"L&#039;entretien de chemins de randonn\u00e9es et de la Voie Verte dans le Lot-et-Garonne - Enviplus\" \/>\n<meta property=\"og:description\" content=\"D\u00e9couvrez en d\u00e9tails les missions d\u2019entretien des chemins de randonn\u00e9es et la Voie Verte entre Marmande et Casteljaloux effectu\u00e9es par Envi+\" \/>\n<meta property=\"og:url\" content=\"https:\/\/enviplus.fr\/index.php\/2023\/06\/29\/entretien-chemins-randonnees-voie-verte\/\" \/>\n<meta property=\"og:site_name\" content=\"Enviplus\" \/>\n<meta property=\"article:publisher\" content=\"https:\/\/www.facebook.com\/enviplus47\" \/>\n<meta property=\"article:published_time\" content=\"2023-06-29T17:07:08+00:00\" \/>\n<meta property=\"article:modified_time\" content=\"2023-07-05T13:06:49+00:00\" \/>\n<meta property=\"og:image\" content=\"https:\/\/enviplus.fr\/wp-content\/uploads\/2023\/06\/Voie-Verte-terminee.jpeg\" \/>\n\t<meta property=\"og:image:width\" content=\"1536\" \/>\n\t<meta property=\"og:image:height\" content=\"2048\" \/>\n\t<meta property=\"og:image:type\" content=\"image\/jpeg\" \/>\n<meta name=\"author\" content=\"elieconseiletcom\" \/>\n<meta name=\"twitter:card\" content=\"summary_large_image\" \/>\n<meta name=\"twitter:label1\" content=\"\u00c9crit par\" \/>\n\t<meta name=\"twitter:data1\" content=\"elieconseiletcom\" \/>\n\t<meta name=\"twitter:label2\" content=\"Dur\u00e9e de lecture estim\u00e9e\" \/>\n\t<meta name=\"twitter:data2\" content=\"6 minutes\" \/>\n<script type=\"application\/ld+json\" class=\"yoast-schema-graph\">{\"@context\":\"https:\\\/\\\/schema.org\",\"@graph\":[{\"@type\":\"Article\",\"@id\":\"https:\\\/\\\/enviplus.fr\\\/index.php\\\/2023\\\/06\\\/29\\\/entretien-chemins-randonnees-voie-verte\\\/#article\",\"isPartOf\":{\"@id\":\"https:\\\/\\\/enviplus.fr\\\/index.php\\\/2023\\\/06\\\/29\\\/entretien-chemins-randonnees-voie-verte\\\/\"},\"author\":{\"name\":\"elieconseiletcom\",\"@id\":\"https:\\\/\\\/enviplus.fr\\\/#\\\/schema\\\/person\\\/f48cd7bea3ed9fbbdc362781c325c1bd\"},\"headline\":\"L&rsquo;entretien de chemins de randonn\u00e9es et de la Voie Verte dans le Lot-et-Garonne\",\"datePublished\":\"2023-06-29T17:07:08+00:00\",\"dateModified\":\"2023-07-05T13:06:49+00:00\",\"mainEntityOfPage\":{\"@id\":\"https:\\\/\\\/enviplus.fr\\\/index.php\\\/2023\\\/06\\\/29\\\/entretien-chemins-randonnees-voie-verte\\\/\"},\"wordCount\":844,\"commentCount\":0,\"publisher\":{\"@id\":\"https:\\\/\\\/enviplus.fr\\\/#organization\"},\"image\":{\"@id\":\"https:\\\/\\\/enviplus.fr\\\/index.php\\\/2023\\\/06\\\/29\\\/entretien-chemins-randonnees-voie-verte\\\/#primaryimage\"},\"thumbnailUrl\":\"https:\\\/\\\/enviplus.fr\\\/wp-content\\\/uploads\\\/2023\\\/06\\\/Voie-Verte-terminee.jpeg\",\"inLanguage\":\"fr-FR\",\"potentialAction\":[{\"@type\":\"CommentAction\",\"name\":\"Comment\",\"target\":[\"https:\\\/\\\/enviplus.fr\\\/index.php\\\/2023\\\/06\\\/29\\\/entretien-chemins-randonnees-voie-verte\\\/#respond\"]}]},{\"@type\":\"WebPage\",\"@id\":\"https:\\\/\\\/enviplus.fr\\\/index.php\\\/2023\\\/06\\\/29\\\/entretien-chemins-randonnees-voie-verte\\\/\",\"url\":\"https:\\\/\\\/enviplus.fr\\\/index.php\\\/2023\\\/06\\\/29\\\/entretien-chemins-randonnees-voie-verte\\\/\",\"name\":\"L'entretien de chemins de randonn\u00e9es et de la Voie Verte dans le Lot-et-Garonne - Enviplus\",\"isPartOf\":{\"@id\":\"https:\\\/\\\/enviplus.fr\\\/#website\"},\"primaryImageOfPage\":{\"@id\":\"https:\\\/\\\/enviplus.fr\\\/index.php\\\/2023\\\/06\\\/29\\\/entretien-chemins-randonnees-voie-verte\\\/#primaryimage\"},\"image\":{\"@id\":\"https:\\\/\\\/enviplus.fr\\\/index.php\\\/2023\\\/06\\\/29\\\/entretien-chemins-randonnees-voie-verte\\\/#primaryimage\"},\"thumbnailUrl\":\"https:\\\/\\\/enviplus.fr\\\/wp-content\\\/uploads\\\/2023\\\/06\\\/Voie-Verte-terminee.jpeg\",\"datePublished\":\"2023-06-29T17:07:08+00:00\",\"dateModified\":\"2023-07-05T13:06:49+00:00\",\"description\":\"D\u00e9couvrez en d\u00e9tails les missions d\u2019entretien des chemins de randonn\u00e9es et la Voie Verte entre Marmande et Casteljaloux effectu\u00e9es par Envi+\",\"breadcrumb\":{\"@id\":\"https:\\\/\\\/enviplus.fr\\\/index.php\\\/2023\\\/06\\\/29\\\/entretien-chemins-randonnees-voie-verte\\\/#breadcrumb\"},\"inLanguage\":\"fr-FR\",\"potentialAction\":[{\"@type\":\"ReadAction\",\"target\":[\"https:\\\/\\\/enviplus.fr\\\/index.php\\\/2023\\\/06\\\/29\\\/entretien-chemins-randonnees-voie-verte\\\/\"]}]},{\"@type\":\"ImageObject\",\"inLanguage\":\"fr-FR\",\"@id\":\"https:\\\/\\\/enviplus.fr\\\/index.php\\\/2023\\\/06\\\/29\\\/entretien-chemins-randonnees-voie-verte\\\/#primaryimage\",\"url\":\"https:\\\/\\\/enviplus.fr\\\/wp-content\\\/uploads\\\/2023\\\/06\\\/Voie-Verte-terminee.jpeg\",\"contentUrl\":\"https:\\\/\\\/enviplus.fr\\\/wp-content\\\/uploads\\\/2023\\\/06\\\/Voie-Verte-terminee.jpeg\",\"width\":1536,\"height\":2048},{\"@type\":\"BreadcrumbList\",\"@id\":\"https:\\\/\\\/enviplus.fr\\\/index.php\\\/2023\\\/06\\\/29\\\/entretien-chemins-randonnees-voie-verte\\\/#breadcrumb\",\"itemListElement\":[{\"@type\":\"ListItem\",\"position\":1,\"name\":\"Home\",\"item\":\"https:\\\/\\\/enviplus.fr\\\/\"},{\"@type\":\"ListItem\",\"position\":2,\"name\":\"L&#8217;entretien de chemins de randonn\u00e9es et de la Voie Verte dans le Lot-et-Garonne\"}]},{\"@type\":\"WebSite\",\"@id\":\"https:\\\/\\\/enviplus.fr\\\/#website\",\"url\":\"https:\\\/\\\/enviplus.fr\\\/\",\"name\":\"Enviplus\",\"description\":\"Tremplin humain\",\"publisher\":{\"@id\":\"https:\\\/\\\/enviplus.fr\\\/#organization\"},\"potentialAction\":[{\"@type\":\"SearchAction\",\"target\":{\"@type\":\"EntryPoint\",\"urlTemplate\":\"https:\\\/\\\/enviplus.fr\\\/?s={search_term_string}\"},\"query-input\":{\"@type\":\"PropertyValueSpecification\",\"valueRequired\":true,\"valueName\":\"search_term_string\"}}],\"inLanguage\":\"fr-FR\"},{\"@type\":\"Organization\",\"@id\":\"https:\\\/\\\/enviplus.fr\\\/#organization\",\"name\":\"Enviplus\",\"url\":\"https:\\\/\\\/enviplus.fr\\\/\",\"logo\":{\"@type\":\"ImageObject\",\"inLanguage\":\"fr-FR\",\"@id\":\"https:\\\/\\\/enviplus.fr\\\/#\\\/schema\\\/logo\\\/image\\\/\",\"url\":\"https:\\\/\\\/enviplus.fr\\\/wp-content\\\/uploads\\\/2021\\\/11\\\/enviplus32x32HD.png\",\"contentUrl\":\"https:\\\/\\\/enviplus.fr\\\/wp-content\\\/uploads\\\/2021\\\/11\\\/enviplus32x32HD.png\",\"width\":130,\"height\":99,\"caption\":\"Enviplus\"},\"image\":{\"@id\":\"https:\\\/\\\/enviplus.fr\\\/#\\\/schema\\\/logo\\\/image\\\/\"},\"sameAs\":[\"https:\\\/\\\/www.facebook.com\\\/enviplus47\"]},{\"@type\":\"Person\",\"@id\":\"https:\\\/\\\/enviplus.fr\\\/#\\\/schema\\\/person\\\/f48cd7bea3ed9fbbdc362781c325c1bd\",\"name\":\"elieconseiletcom\",\"image\":{\"@type\":\"ImageObject\",\"inLanguage\":\"fr-FR\",\"@id\":\"https:\\\/\\\/secure.gravatar.com\\\/avatar\\\/ef2fd0f377dcc868c691d32f4b8c9f7e05007e0d42af427435bd86e0b020b5e2?s=96&d=mm&r=g\",\"url\":\"https:\\\/\\\/secure.gravatar.com\\\/avatar\\\/ef2fd0f377dcc868c691d32f4b8c9f7e05007e0d42af427435bd86e0b020b5e2?s=96&d=mm&r=g\",\"contentUrl\":\"https:\\\/\\\/secure.gravatar.com\\\/avatar\\\/ef2fd0f377dcc868c691d32f4b8c9f7e05007e0d42af427435bd86e0b020b5e2?s=96&d=mm&r=g\",\"caption\":\"elieconseiletcom\"},\"url\":\"https:\\\/\\\/enviplus.fr\\\/index.php\\\/author\\\/elieconseiletcom\\\/\"}]}<\/script>\n<!-- \/ Yoast SEO plugin. -->","yoast_head_json":{"title":"L'entretien de chemins de randonn\u00e9es et de la Voie Verte dans le Lot-et-Garonne - Enviplus","description":"D\u00e9couvrez en d\u00e9tails les missions d\u2019entretien des chemins de randonn\u00e9es et la Voie Verte entre Marmande et Casteljaloux effectu\u00e9es par Envi+","robots":{"index":"index","follow":"follow","max-snippet":"max-snippet:-1","max-image-preview":"max-image-preview:large","max-video-preview":"max-video-preview:-1"},"canonical":"https:\/\/enviplus.fr\/index.php\/2023\/06\/29\/entretien-chemins-randonnees-voie-verte\/","og_locale":"fr_FR","og_type":"article","og_title":"L'entretien de chemins de randonn\u00e9es et de la Voie Verte dans le Lot-et-Garonne - Enviplus","og_description":"D\u00e9couvrez en d\u00e9tails les missions d\u2019entretien des chemins de randonn\u00e9es et la Voie Verte entre Marmande et Casteljaloux effectu\u00e9es par Envi+","og_url":"https:\/\/enviplus.fr\/index.php\/2023\/06\/29\/entretien-chemins-randonnees-voie-verte\/","og_site_name":"Enviplus","article_publisher":"https:\/\/www.facebook.com\/enviplus47","article_published_time":"2023-06-29T17:07:08+00:00","article_modified_time":"2023-07-05T13:06:49+00:00","og_image":[{"width":1536,"height":2048,"url":"https:\/\/enviplus.fr\/wp-content\/uploads\/2023\/06\/Voie-Verte-terminee.jpeg","type":"image\/jpeg"}],"author":"elieconseiletcom","twitter_card":"summary_large_image","twitter_misc":{"\u00c9crit par":"elieconseiletcom","Dur\u00e9e de lecture estim\u00e9e":"6 minutes"},"schema":{"@context":"https:\/\/schema.org","@graph":[{"@type":"Article","@id":"https:\/\/enviplus.fr\/index.php\/2023\/06\/29\/entretien-chemins-randonnees-voie-verte\/#article","isPartOf":{"@id":"https:\/\/enviplus.fr\/index.php\/2023\/06\/29\/entretien-chemins-randonnees-voie-verte\/"},"author":{"name":"elieconseiletcom","@id":"https:\/\/enviplus.fr\/#\/schema\/person\/f48cd7bea3ed9fbbdc362781c325c1bd"},"headline":"L&rsquo;entretien de chemins de randonn\u00e9es et de la Voie Verte dans le Lot-et-Garonne","datePublished":"2023-06-29T17:07:08+00:00","dateModified":"2023-07-05T13:06:49+00:00","mainEntityOfPage":{"@id":"https:\/\/enviplus.fr\/index.php\/2023\/06\/29\/entretien-chemins-randonnees-voie-verte\/"},"wordCount":844,"commentCount":0,"publisher":{"@id":"https:\/\/enviplus.fr\/#organization"},"image":{"@id":"https:\/\/enviplus.fr\/index.php\/2023\/06\/29\/entretien-chemins-randonnees-voie-verte\/#primaryimage"},"thumbnailUrl":"https:\/\/enviplus.fr\/wp-content\/uploads\/2023\/06\/Voie-Verte-terminee.jpeg","inLanguage":"fr-FR","potentialAction":[{"@type":"CommentAction","name":"Comment","target":["https:\/\/enviplus.fr\/index.php\/2023\/06\/29\/entretien-chemins-randonnees-voie-verte\/#respond"]}]},{"@type":"WebPage","@id":"https:\/\/enviplus.fr\/index.php\/2023\/06\/29\/entretien-chemins-randonnees-voie-verte\/","url":"https:\/\/enviplus.fr\/index.php\/2023\/06\/29\/entretien-chemins-randonnees-voie-verte\/","name":"L'entretien de chemins de randonn\u00e9es et de la Voie Verte dans le Lot-et-Garonne - Enviplus","isPartOf":{"@id":"https:\/\/enviplus.fr\/#website"},"primaryImageOfPage":{"@id":"https:\/\/enviplus.fr\/index.php\/2023\/06\/29\/entretien-chemins-randonnees-voie-verte\/#primaryimage"},"image":{"@id":"https:\/\/enviplus.fr\/index.php\/2023\/06\/29\/entretien-chemins-randonnees-voie-verte\/#primaryimage"},"thumbnailUrl":"https:\/\/enviplus.fr\/wp-content\/uploads\/2023\/06\/Voie-Verte-terminee.jpeg","datePublished":"2023-06-29T17:07:08+00:00","dateModified":"2023-07-05T13:06:49+00:00","description":"D\u00e9couvrez en d\u00e9tails les missions d\u2019entretien des chemins de randonn\u00e9es et la Voie Verte entre Marmande et Casteljaloux effectu\u00e9es par Envi+","breadcrumb":{"@id":"https:\/\/enviplus.fr\/index.php\/2023\/06\/29\/entretien-chemins-randonnees-voie-verte\/#breadcrumb"},"inLanguage":"fr-FR","potentialAction":[{"@type":"ReadAction","target":["https:\/\/enviplus.fr\/index.php\/2023\/06\/29\/entretien-chemins-randonnees-voie-verte\/"]}]},{"@type":"ImageObject","inLanguage":"fr-FR","@id":"https:\/\/enviplus.fr\/index.php\/2023\/06\/29\/entretien-chemins-randonnees-voie-verte\/#primaryimage","url":"https:\/\/enviplus.fr\/wp-content\/uploads\/2023\/06\/Voie-Verte-terminee.jpeg","contentUrl":"https:\/\/enviplus.fr\/wp-content\/uploads\/2023\/06\/Voie-Verte-terminee.jpeg","width":1536,"height":2048},{"@type":"BreadcrumbList","@id":"https:\/\/enviplus.fr\/index.php\/2023\/06\/29\/entretien-chemins-randonnees-voie-verte\/#breadcrumb","itemListElement":[{"@type":"ListItem","position":1,"name":"Home","item":"https:\/\/enviplus.fr\/"},{"@type":"ListItem","position":2,"name":"L&#8217;entretien de chemins de randonn\u00e9es et de la Voie Verte dans le Lot-et-Garonne"}]},{"@type":"WebSite","@id":"https:\/\/enviplus.fr\/#website","url":"https:\/\/enviplus.fr\/","name":"Enviplus","description":"Tremplin humain","publisher":{"@id":"https:\/\/enviplus.fr\/#organization"},"potentialAction":[{"@type":"SearchAction","target":{"@type":"EntryPoint","urlTemplate":"https:\/\/enviplus.fr\/?s={search_term_string}"},"query-input":{"@type":"PropertyValueSpecification","valueRequired":true,"valueName":"search_term_string"}}],"inLanguage":"fr-FR"},{"@type":"Organization","@id":"https:\/\/enviplus.fr\/#organization","name":"Enviplus","url":"https:\/\/enviplus.fr\/","logo":{"@type":"ImageObject","inLanguage":"fr-FR","@id":"https:\/\/enviplus.fr\/#\/schema\/logo\/image\/","url":"https:\/\/enviplus.fr\/wp-content\/uploads\/2021\/11\/enviplus32x32HD.png","contentUrl":"https:\/\/enviplus.fr\/wp-content\/uploads\/2021\/11\/enviplus32x32HD.png","width":130,"height":99,"caption":"Enviplus"},"image":{"@id":"https:\/\/enviplus.fr\/#\/schema\/logo\/image\/"},"sameAs":["https:\/\/www.facebook.com\/enviplus47"]},{"@type":"Person","@id":"https:\/\/enviplus.fr\/#\/schema\/person\/f48cd7bea3ed9fbbdc362781c325c1bd","name":"elieconseiletcom","image":{"@type":"ImageObject","inLanguage":"fr-FR","@id":"https:\/\/secure.gravatar.com\/avatar\/ef2fd0f377dcc868c691d32f4b8c9f7e05007e0d42af427435bd86e0b020b5e2?s=96&d=mm&r=g","url":"https:\/\/secure.gravatar.com\/avatar\/ef2fd0f377dcc868c691d32f4b8c9f7e05007e0d42af427435bd86e0b020b5e2?s=96&d=mm&r=g","contentUrl":"https:\/\/secure.gravatar.com\/avatar\/ef2fd0f377dcc868c691d32f4b8c9f7e05007e0d42af427435bd86e0b020b5e2?s=96&d=mm&r=g","caption":"elieconseiletcom"},"url":"https:\/\/enviplus.fr\/index.php\/author\/elieconseiletcom\/"}]}},"_links":{"self":[{"href":"https:\/\/enviplus.fr\/index.php\/wp-json\/wp\/v2\/posts\/7066","targetHints":{"allow":["GET"]}}],"collection":[{"href":"https:\/\/enviplus.fr\/index.php\/wp-json\/wp\/v2\/posts"}],"about":[{"href":"https:\/\/enviplus.fr\/index.php\/wp-json\/wp\/v2\/types\/post"}],"author":[{"embeddable":true,"href":"https:\/\/enviplus.fr\/index.php\/wp-json\/wp\/v2\/users\/2"}],"replies":[{"embeddable":true,"href":"https:\/\/enviplus.fr\/index.php\/wp-json\/wp\/v2\/comments?post=7066"}],"version-history":[{"count":25,"href":"https:\/\/enviplus.fr\/index.php\/wp-json\/wp\/v2\/posts\/7066\/revisions"}],"predecessor-version":[{"id":7121,"href":"https:\/\/enviplus.fr\/index.php\/wp-json\/wp\/v2\/posts\/7066\/revisions\/7121"}],"wp:featuredmedia":[{"embeddable":true,"href":"https:\/\/enviplus.fr\/index.php\/wp-json\/wp\/v2\/media\/7079"}],"wp:attachment":[{"href":"https:\/\/enviplus.fr\/index.php\/wp-json\/wp\/v2\/media?parent=7066"}],"wp:term":[{"taxonomy":"category","embeddable":true,"href":"https:\/\/enviplus.fr\/index.php\/wp-json\/wp\/v2\/categories?post=7066"},{"taxonomy":"post_tag","embeddable":true,"href":"https:\/\/enviplus.fr\/index.php\/wp-json\/wp\/v2\/tags?post=7066"}],"curies":[{"name":"wp","href":"https:\/\/api.w.org\/{rel}","templated":true}]}}